{"id":75193,"date":"2024-12-05T10:24:00","date_gmt":"2024-12-05T16:24:00","guid":{"rendered":"https:\/\/zonaroja.com.mx\/?p=75193"},"modified":"2024-12-05T07:34:43","modified_gmt":"2024-12-05T13:34:43","slug":"tehuantepec-a-merced-de-la-delincuencia-un-homicidio-y-dos-asaltos-armados","status":"publish","type":"post","link":"https:\/\/zonaroja.com.mx\/?p=75193","title":{"rendered":"Tehuantepec a merced de la delincuencia: un homicidio y dos asaltos armados"},"content":{"rendered":"\n<p>Raymundo Morales\/Zona Roja.<\/p>\n\n\n\n<p>Oaxaca de Ju\u00e1rez, Oax., a 5 de diciembre de 2024.- Mientras la presidenta municipal de Santo Domingo Tehuantepec, Vilma Mart\u00ednez Cort\u00e9s, se prepara para abandonar la presidencia municipal, la delincuencia intensific\u00f3 sus acciones.<\/p>\n\n\n\n<p>Anoche, en un domicilio en la calla Aldama de la colonia Jos\u00e9 L\u00f3pez Portillo, fue hallado un cad\u00e1ver enterrado de manera clandestina y, seg\u00fan los primeros informes, con huellas de violencia.<\/p>\n\n\n\n<p>El cuerpo presenta avanzado estado de descomposici\u00f3n, por lo cual ser\u00e1n trasladado al Instituto de Servicios Periciales, con la finalidad de efectuar las pruebas necesarias para identificar a la v\u00edctima.<\/p>\n\n\n\n<p>Personal de la Vicefiscal\u00eda Regional del Istmo, dependiente de la Fiscal\u00eda General del Estado, inici\u00f3 anoche las labores preliminares y levant\u00f3 el cuerpo.<\/p>\n\n\n\n<p>Previo a ello, ayer por la tarde sujetos armados asaltaron el restaurante \u201cGuelaxhido\u201d, que se localiza en el crucero de la carretera Internacional, a la altura de la colonia La Soledad.<\/p>\n\n\n\n<p>Fuero al menos dos individuos, a bordo de un mototaxi, quienes amagaron a los empleados y los despojaron de la cuenta del d\u00eda, para luego huir con rumbo desconocido; pese a los llamados de auxilio, la polic\u00eda local tard\u00f3 en llegar.<\/p>\n\n\n\n<p>Tambi\u00e9n horas antes y en inmediaciones de Santa Cruz Tagolaba, fue asaltado u cami\u00f3n repartidos de cerveza.<\/p>\n\n\n\n<p>De la misma manera, sujetos armados amagaron al chofer y su ayudante, para luego despojarlo del dinero y luego huir a bordo de una motocicleta, sin que fueran perseguidos o buscados por la polic\u00eda municipal.<\/p>\n","protected":false},"excerpt":{"rendered":"<p>Raymundo Morales\/Zona Roja. Oaxaca de Ju\u00e1rez, Oax., a 5 de diciembre de 2024.- Mientras la&hellip;<\/p>\n","protected":false},"author":2,"featured_media":75195,"comment_status":"closed","ping_status":"open","sticky":false,"template":"","format":"standard","meta":{"_lmt_disableupdate":"","_lmt_disable":"","_jetpack_memberships_contains_paid_content":false,"footnotes":""},"categories":[109,47],"tags":[533],"class_list":["post-75193","post","type-post","status-publish","format-standard","has-post-thumbnail","hentry","category-minuto-a-minuto","category-zona-gris","tag-asesinado-en-tehuantepec"],"jetpack_featured_media_url":"https:\/\/zonaroja.com.mx\/wp-content\/uploads\/2024\/12\/Santo-Domingo-Tehuantepec.jpg","jetpack_sharing_enabled":true,"_links":{"self":[{"href":"https:\/\/zonaroja.com.mx\/index.php?rest_route=\/wp\/v2\/posts\/75193","targetHints":{"allow":["GET"]}}],"collection":[{"href":"https:\/\/zonaroja.com.mx\/index.php?rest_route=\/wp\/v2\/posts"}],"about":[{"href":"https:\/\/zonaroja.com.mx\/index.php?rest_route=\/wp\/v2\/types\/post"}],"author":[{"embeddable":true,"href":"https:\/\/zonaroja.com.mx\/index.php?rest_route=\/wp\/v2\/users\/2"}],"replies":[{"embeddable":true,"href":"https:\/\/zonaroja.com.mx\/index.php?rest_route=%2Fwp%2Fv2%2Fcomments&post=75193"}],"version-history":[{"count":1,"href":"https:\/\/zonaroja.com.mx\/index.php?rest_route=\/wp\/v2\/posts\/75193\/revisions"}],"predecessor-version":[{"id":75197,"href":"https:\/\/zonaroja.com.mx\/index.php?rest_route=\/wp\/v2\/posts\/75193\/revisions\/75197"}],"wp:featuredmedia":[{"embeddable":true,"href":"https:\/\/zonaroja.com.mx\/index.php?rest_route=\/wp\/v2\/media\/75195"}],"wp:attachment":[{"href":"https:\/\/zonaroja.com.mx\/index.php?rest_route=%2Fwp%2Fv2%2Fmedia&parent=75193"}],"wp:term":[{"taxonomy":"category","embeddable":true,"href":"https:\/\/zonaroja.com.mx\/index.php?rest_route=%2Fwp%2Fv2%2Fcategories&post=75193"},{"taxonomy":"post_tag","embeddable":true,"href":"https:\/\/zonaroja.com.mx\/index.php?rest_route=%2Fwp%2Fv2%2Ftags&post=75193"}],"curies":[{"name":"wp","href":"https:\/\/api.w.org\/{rel}","templated":true}]}}