{"id":75201,"date":"2024-12-05T11:02:00","date_gmt":"2024-12-05T17:02:00","guid":{"rendered":"https:\/\/zonaroja.com.mx\/?p=75201"},"modified":"2024-12-05T09:04:46","modified_gmt":"2024-12-05T15:04:46","slug":"abre-la-seccion-22-segunda-etapa-de-denuncias-contra-eloy-lopez-y-demas-dirigentes","status":"publish","type":"post","link":"https:\/\/zonaroja.com.mx\/?p=75201","title":{"rendered":"Abre la Secci\u00f3n 22 segunda etapa de denuncias contra Eloy L\u00f3pez y dem\u00e1s dirigentes"},"content":{"rendered":"\n<p>Raymundo Morales.\/Zona Roja.<\/p>\n\n\n\n<p>Oaxaca de Ju\u00e1rez, Oax., a 5 de diciembre de 2024.- La Secci\u00f3n 22 del Sindicato Nacional de Trabajadores de la Educaci\u00f3n abri\u00f3 una segunda etapa para recibir denuncias en contra de la dirigencia que encabez\u00f3 Eloy L\u00f3pez Hern\u00e1ndez.<\/p>\n\n\n\n<p>A trav\u00e9s de la Comisi\u00f3n de Honor y Justicia notific\u00f3 a los integrantes Movimiento Democr\u00e1tico de Trabajadores de la Educaci\u00f3n de Oaxaca (MDTEO) a presentar las quejas que consideren suficientes para, en su caso, sancionar a quienes encabezaron el Comit\u00e9 Ejecutivo Seccional del 2017 al 2022.<\/p>\n\n\n\n<p>Las denuncias ser\u00e1n recibidas del 5 al 13 de diciembre del a\u00f1o en curso, en un horario de 09:00 a 16:00 horas, en el edificio que ocupa el CEPOS 22, calle Platanares, colonia Huerto de Platanares, Trinidad de las Huertas, ciudad de Oaxaca.<\/p>\n\n\n\n<p>El documento lo firman los integrantes de la Comisi\u00f3n de Honor y Justicia, A\u00edda Vera M\u00e1rquez y \u00c9rik Mart\u00ednez Cort\u00e9s, como presidenta y vicepresidente.<\/p>\n\n\n\n<p>Este \u00f3rgano interno fue designado el 2 de diciembre de 2023, a fin de recabar denuncias y en su caso presentar un dictamen en contra de los ex dirigentes sindicales; sin embargo, fue a mediados de este a\u00f1o en que comenz\u00f3 la primera etapa de denuncias.<\/p>\n\n\n\n<p>Hasta ahora no hay mayor informaci\u00f3n y avances al respecto, por lo cual la Asamblea Estatal del pasado s\u00e1bado orden\u00f3 a dicha Comisi\u00f3n a agilizar el trabajo y presentar resultados.<\/p>\n","protected":false},"excerpt":{"rendered":"<p>Raymundo Morales.\/Zona Roja. Oaxaca de Ju\u00e1rez, Oax., a 5 de diciembre de 2024.- La Secci\u00f3n&hellip;<\/p>\n","protected":false},"author":2,"featured_media":75202,"comment_status":"closed","ping_status":"open","sticky":false,"template":"","format":"standard","meta":{"_lmt_disableupdate":"","_lmt_disable":"","_jetpack_memberships_contains_paid_content":false,"footnotes":""},"categories":[109,46],"tags":[312],"class_list":["post-75201","post","type-post","status-publish","format-standard","has-post-thumbnail","hentry","category-minuto-a-minuto","category-zona-blanca","tag-seccion-22-del-snte"],"jetpack_featured_media_url":"https:\/\/zonaroja.com.mx\/wp-content\/uploads\/2024\/12\/Eloy-Lopez-Seccion-22.jpg","jetpack_sharing_enabled":true,"_links":{"self":[{"href":"https:\/\/zonaroja.com.mx\/index.php?rest_route=\/wp\/v2\/posts\/75201","targetHints":{"allow":["GET"]}}],"collection":[{"href":"https:\/\/zonaroja.com.mx\/index.php?rest_route=\/wp\/v2\/posts"}],"about":[{"href":"https:\/\/zonaroja.com.mx\/index.php?rest_route=\/wp\/v2\/types\/post"}],"author":[{"embeddable":true,"href":"https:\/\/zonaroja.com.mx\/index.php?rest_route=\/wp\/v2\/users\/2"}],"replies":[{"embeddable":true,"href":"https:\/\/zonaroja.com.mx\/index.php?rest_route=%2Fwp%2Fv2%2Fcomments&post=75201"}],"version-history":[{"count":1,"href":"https:\/\/zonaroja.com.mx\/index.php?rest_route=\/wp\/v2\/posts\/75201\/revisions"}],"predecessor-version":[{"id":75203,"href":"https:\/\/zonaroja.com.mx\/index.php?rest_route=\/wp\/v2\/posts\/75201\/revisions\/75203"}],"wp:featuredmedia":[{"embeddable":true,"href":"https:\/\/zonaroja.com.mx\/index.php?rest_route=\/wp\/v2\/media\/75202"}],"wp:attachment":[{"href":"https:\/\/zonaroja.com.mx\/index.php?rest_route=%2Fwp%2Fv2%2Fmedia&parent=75201"}],"wp:term":[{"taxonomy":"category","embeddable":true,"href":"https:\/\/zonaroja.com.mx\/index.php?rest_route=%2Fwp%2Fv2%2Fcategories&post=75201"},{"taxonomy":"post_tag","embeddable":true,"href":"https:\/\/zonaroja.com.mx\/index.php?rest_route=%2Fwp%2Fv2%2Ftags&post=75201"}],"curies":[{"name":"wp","href":"https:\/\/api.w.org\/{rel}","templated":true}]}}