{"id":75204,"date":"2024-12-05T14:05:00","date_gmt":"2024-12-05T20:05:00","guid":{"rendered":"https:\/\/zonaroja.com.mx\/?p=75204"},"modified":"2024-12-05T09:06:24","modified_gmt":"2024-12-05T15:06:24","slug":"dos-anos-sin-que-llegue-la-primavera-para-las-mujeres-de-oaxaca","status":"publish","type":"post","link":"https:\/\/zonaroja.com.mx\/?p=75204","title":{"rendered":"Dos a\u00f1os sin que llegue \u201cla primavera\u201d para las mujeres de Oaxaca"},"content":{"rendered":"\n<p>Redacci\u00f3n\/SemM\u00e9xico<\/p>\n\n\n\n<p>Oaxaca de Ju\u00e1rez, Oax., a 5 de diciembre de 2024.- A dos a\u00f1os del inicio del gobierno de Salom\u00f3n Jara Cruz \u201cla primavera no ha llegado para las mujeres oaxaque\u00f1as, los feminicidios y la desaparici\u00f3n de mujeres van en aumento\u201d, sostiene la abogada Flora Guti\u00e9rrez Guti\u00e9rrez, de la Red de Abogadas Ind\u00edgenas, Cap\u00edtulo Oaxaca.<\/p>\n\n\n\n<p>La abogada feminista coincide con lo dicho por la organizaci\u00f3n de la sociedad civil Consorcio Oaxaca, que sostiene en una publicaci\u00f3n que en la \u201cPrimavera oaxaque\u00f1a\u201d de Salom\u00f3n Jara Cruz, el evidente repunte de la violencia feminicida nos duele e indigna. Las cifras nos aterran, pero la indolencia institucional, nos ofende.<\/p>\n\n\n\n<p>El 1 de diciembre de 2022 al tomar protesta como gobernador de Oaxaca, Jara Cruz anunci\u00f3 \u201cel inicio de la primavera oaxaque\u00f1a\u201d, una met\u00e1fora en alusi\u00f3n a un novedoso \u201cproceso de cambio cultural para para combatir la corrupci\u00f3n y la desigualdad, y generar una recuperaci\u00f3n de los pueblos\u201d, pero la primavera no ha llegado.<\/p>\n\n\n\n<p>A dos a\u00f1os de su gobierno, con dos titulares de la Secretar\u00eda de las Mujeres, tampoco existe una pol\u00edtica clara de prevenci\u00f3n de la violencia de g\u00e9nero en contra de las mujeres, no se ha transversalizado la perspectiva de g\u00e9nero en el gobierno estatal y los organismos aut\u00f3nomos, no hay acciones claras ni concretas, tampoco un programa enfocado a la prevenci\u00f3n de la violencia de g\u00e9nero en sus diversas formas, tipos y modalidades, tampoco para lograr la igualdad sustantiva, expone la defensora.<\/p>\n\n\n\n<p>Por otra parte, Flora Guti\u00e9rrez plantea que el Centro Estatal de Atenci\u00f3n Integral a Mujeres en Situaci\u00f3n de Violencia de G\u00e9nero, CEATI, esta rebasado y carece de presupuesto, pese a que Oaxaca ocupa el primer lugar en el Registro de Violencia Pol\u00edtica en Raz\u00f3n de G\u00e9nero a nivel nacional, a pesar de ello no hay pol\u00edtica p\u00fablica, programa o acciones desde la Secretar\u00eda de las Mujeres y el propio gobierno para prevenir y erradicar la misma.<\/p>\n\n\n\n<p>En ese sentido, Consorcio Oaxaca se\u00f1al\u00f3 a prop\u00f3sito del segundo a\u00f1o de gobierno que desde el arranque de la administraci\u00f3n de Salom\u00f3n Jara Cruz, el 1 de diciembre del a\u00f1o 2022, se tiene un registro de 209 feminicidios y 711 personas desaparecidas seg\u00fan la Plataforma de Violencia Feminicida de Consorcio Oaxaca.<\/p>\n\n\n\n<p>Las cifras y algunos de los casos m\u00e1s recientes y emblem\u00e1ticos \u2013 el doble feminicidio de las hermanas Virginia y Adriana Ortiz Garc\u00eda, ind\u00edgenas triquis asesinadas en la puerta de su casa; los feminicidios de Judith Vianney Toledo Santos de 29 a\u00f1os, quien desapareci\u00f3 al salir de su trabajo de enfermera en el Hospital del ISSSTE \u201cPresidente Ju\u00e1rez\u201d; y en la Cuenca el de Soledad C.G., de 20 a\u00f1os, localizada sin vida cinco d\u00edas despu\u00e9s de ser reportada como desaparecida. De mencionarlas a todas, no parar\u00edamos, as\u00ed como la desaparici\u00f3n de la defensora y abogado Sandra Dom\u00ednguez Cruz a 60 d\u00edas de su desaparici\u00f3n- tienden una l\u00ednea distante entre las organizaciones y la oficialidad.<\/p>\n\n\n\n<p>As\u00ed el secretario de Gobierno, Jes\u00fas Romero L\u00f3pez, otrora activista pol\u00edtico, sostiene que, en los dos a\u00f1os de la actual administraci\u00f3n, \u201cdisminuyeron los delitos de violencia contra las mujeres, en comparaci\u00f3n con la administraci\u00f3n anterior\u201d, dijo la semana pasada, el 28 de noviembre durante la conferencia de prensa sobre seguridad.<\/p>\n\n\n\n<p>Sus dichos que atestiguaron otros y otras integrantes del gabinete y que quedaron plasmados en un bolet\u00edn de prensa, sostienen que \u201cel feminicidio pas\u00f3 de 38 casos durante enero a octubre de 2022 a 15 en el mismo periodo de este a\u00f1o, representando una disminuci\u00f3n de 60.52 por ciento, de acuerdo con informaci\u00f3n proporcionada por el Secretariado Ejecutivo del Sistema Nacional de Seguridad P\u00fablica (SESNSP), la Secretar\u00eda de Seguridad y Protecci\u00f3n Ciudadana del Gobierno de M\u00e9xico y la Fiscal\u00eda General del Estado (FGEO).<\/p>\n\n\n\n<p>Y no s\u00f3lo eso, sino que adem\u00e1s aseguran que ese \u201cresultado\u201d del esfuerzo conjunto entre los tres \u00f3rdenes de gobierno, y las instituciones que integran la Mesa de Seguridad, en los \u00faltimos dos a\u00f1os de la administraci\u00f3n que encabeza el Gobernador Salom\u00f3n Jara Cruz, en Oaxaca disminuyeron los delitos de violencia contra las mujeres, en comparaci\u00f3n con la administraci\u00f3n anterior.<\/p>\n\n\n\n<p>As\u00ed con menos asesinatos violentos contra mujeres reconocidos como \u201cfeminicidios\u201d, el gobierno de Oaxaca, a trav\u00e9s del titular de la Secretar\u00eda de Gobierno sostiene que \u201cla tasa de efectividad en resoluci\u00f3n de feminicidios aument\u00f3 81.2 por ciento durante este a\u00f1o, derivado de la profesionalizaci\u00f3n y capacitaci\u00f3n continua\u201d.<\/p>\n\n\n\n<p>El 26 de noviembre, toc\u00f3 a Salom\u00f3n Jara instalar la tercer sesi\u00f3n ordinaria del Sistema Estatal de Prevenci\u00f3n, Atenci\u00f3n, Sanci\u00f3n y Erradicaci\u00f3n de la Violencia de G\u00e9nero contra las Mujeres, y a pesar de los reclamos hechos un d\u00eda antes durante una barricada por mujeres, el mandatario no tuvo ning\u00fan problema al se\u00f1alar que \u201csu administraci\u00f3n trabaja como nunca en todos los frentes para que la entidad sea un lugar m\u00e1s seguro e igualitario, de paz, desarrollo pleno y bienestar para este sector de la poblaci\u00f3n\u201d.<\/p>\n\n\n\n<p>Ya despu\u00e9s habl\u00f3 de la violencia que convocaba a la reuni\u00f3n, es decir, la violencia contra las mujeres y s\u00ed lo repiti\u00f3: \u201cLa violencia contra las mujeres no tiene cabida en el proyecto de la Primavera Oaxaque\u00f1a; su erradicaci\u00f3n y prevenci\u00f3n est\u00e1 al centro de nuestras prioridades, de ah\u00ed que la agenda de g\u00e9nero sea una pol\u00edtica transversal de mi gobierno\u201d, se lee en un bolet\u00edn de prensa.<\/p>\n\n\n\n<p>Lo cierto, se\u00f1ala la entrevistada, Flora Guti\u00e9rrez, en este gobierno no hay una l\u00ednea clara de fortalecimiento ni siquiera a las Instancias Municipales de las Mujeres y hay con ellas falta coordinaci\u00f3n.<\/p>\n\n\n\n<p>En resumen, este gobierno est\u00e1 reprobado, no pasa del discurso a la acci\u00f3n, solo poses, fotos, las mujeres que han llegado tampoco tiene un liderazgo en la lucha por los derechos de las mujeres y no hay respaldo fe las organizaciones de mujeres o que articule, al final siguen sometidas.<\/p>\n\n\n\n<p>A su vez, Consorcio Oaxaca afirma en publicaci\u00f3n la exigencia al &nbsp;\u201cEstado que asuma su responsabilidad en la construcci\u00f3n de entornos seguros para las mujeres, que promueva pol\u00edticas de prevenci\u00f3n, ofrezca atenci\u00f3n integral a las v\u00edctimas, capacite en perspectiva de g\u00e9nero y cese a funcionarios que hayan ejercido violencia en contra de mujeres\u201d.<\/p>\n","protected":false},"excerpt":{"rendered":"<p>Redacci\u00f3n\/SemM\u00e9xico Oaxaca de Ju\u00e1rez, Oax., a 5 de diciembre de 2024.- A dos a\u00f1os del&hellip;<\/p>\n","protected":false},"author":2,"featured_media":69878,"comment_status":"closed","ping_status":"open","sticky":false,"template":"","format":"standard","meta":{"_lmt_disableupdate":"","_lmt_disable":"","_jetpack_memberships_contains_paid_content":false,"footnotes":""},"categories":[109,47],"tags":[],"class_list":["post-75204","post","type-post","status-publish","format-standard","has-post-thumbnail","hentry","category-minuto-a-minuto","category-zona-gris"],"jetpack_featured_media_url":"https:\/\/zonaroja.com.mx\/wp-content\/uploads\/2024\/06\/feminicidio-violencia.webp","jetpack_sharing_enabled":true,"_links":{"self":[{"href":"https:\/\/zonaroja.com.mx\/index.php?rest_route=\/wp\/v2\/posts\/75204","targetHints":{"allow":["GET"]}}],"collection":[{"href":"https:\/\/zonaroja.com.mx\/index.php?rest_route=\/wp\/v2\/posts"}],"about":[{"href":"https:\/\/zonaroja.com.mx\/index.php?rest_route=\/wp\/v2\/types\/post"}],"author":[{"embeddable":true,"href":"https:\/\/zonaroja.com.mx\/index.php?rest_route=\/wp\/v2\/users\/2"}],"replies":[{"embeddable":true,"href":"https:\/\/zonaroja.com.mx\/index.php?rest_route=%2Fwp%2Fv2%2Fcomments&post=75204"}],"version-history":[{"count":1,"href":"https:\/\/zonaroja.com.mx\/index.php?rest_route=\/wp\/v2\/posts\/75204\/revisions"}],"predecessor-version":[{"id":75205,"href":"https:\/\/zonaroja.com.mx\/index.php?rest_route=\/wp\/v2\/posts\/75204\/revisions\/75205"}],"wp:featuredmedia":[{"embeddable":true,"href":"https:\/\/zonaroja.com.mx\/index.php?rest_route=\/wp\/v2\/media\/69878"}],"wp:attachment":[{"href":"https:\/\/zonaroja.com.mx\/index.php?rest_route=%2Fwp%2Fv2%2Fmedia&parent=75204"}],"wp:term":[{"taxonomy":"category","embeddable":true,"href":"https:\/\/zonaroja.com.mx\/index.php?rest_route=%2Fwp%2Fv2%2Fcategories&post=75204"},{"taxonomy":"post_tag","embeddable":true,"href":"https:\/\/zonaroja.com.mx\/index.php?rest_route=%2Fwp%2Fv2%2Ftags&post=75204"}],"curies":[{"name":"wp","href":"https:\/\/api.w.org\/{rel}","templated":true}]}}