{"id":75218,"date":"2024-12-05T20:34:02","date_gmt":"2024-12-06T02:34:02","guid":{"rendered":"https:\/\/zonaroja.com.mx\/?p=75218"},"modified":"2024-12-05T20:34:04","modified_gmt":"2024-12-06T02:34:04","slug":"ayuntamiento-e-iniciativa-privada-rehabilitan-parque-en-oaxaca-capital","status":"publish","type":"post","link":"https:\/\/zonaroja.com.mx\/?p=75218","title":{"rendered":"Ayuntamiento e iniciativa privada rehabilitan parque en Oaxaca capital"},"content":{"rendered":"\n<p>Redacci\u00f3n\/Zona Roja.<\/p>\n\n\n\n<p>Oaxaca de Ju\u00e1rez, Oax., a 5 de diciembre de 2024.- Como resultado de esfuerzos colectivos que anteponen el bien com\u00fan, el presidente municipal, Francisco Mart\u00ednez Neri, acompa\u00f1ado de la presidenta honoraria del Sistema DIF Municipal, Bernarda Gonz\u00e1lez Rivas, inaugur\u00f3 la rehabilitaci\u00f3n del parque de la colonia Cosijoeza, que se localiza en la Central de Abasto.&nbsp;<\/p>\n\n\n\n<p>Gracias a la colaboraci\u00f3n y compromiso social de Conservaci\u00f3n, Vida y Agua (Cova), Fundaci\u00f3n Femsa y Placemaking M\u00e9xico a trav\u00e9s de la iniciativa \u201cLugares Amigables para la Primera Infancia\u201d (LAPIS), entre otras empresas y asociaciones civiles altruistas, se logr\u00f3 la renovaci\u00f3n del espacio, en el cual, diariamente convergen familias de comerciantes y vecinos.&nbsp;<\/p>\n\n\n\n<p>\u201cEste espacio actualmente renovado simboliza el compromiso de nuestra ciudad con el bienestar de todas las familias oaxaque\u00f1as, especialmente de nuestras ni\u00f1as, ni\u00f1os, j\u00f3venes y adultos mayores\u201d, puntualiz\u00f3 el edil capitalino con el acompa\u00f1amiento de integrantes del Cabildo y de la Presidenta de la colonia Cosijoeza, Isabel Raymundo Santiago.<\/p>\n\n\n\n<p>Asimismo, Mart\u00ednez Neri agradeci\u00f3 a representantes de comerciantes del Mercado de Abasto y al muralista Ra\u00fal Prieto, quienes se sumaron a las acciones de mantenimiento y de embellecimiento, respectivamente, a fin de contar con un espacio m\u00e1s adecuado para la pr\u00e1ctica del deporte y el sano esparcimiento de la comunidad.&nbsp;<\/p>\n\n\n\n<p>\u201cEste parque es m\u00e1s que una infraestructura, es un paso m\u00e1s hacia una Ciudad Educadora, una ciudad que entiende que los espacios p\u00fablicos son fundamentales para el desarrollo integral de sus habitantes\u201d, afirm\u00f3 el Presidente Municipal ante familias que se dieron cita al lugar.&nbsp;<\/p>\n\n\n\n<p>Por \u00faltimo, invit\u00f3 a la ciudadan\u00eda a cuidar del espacio p\u00fablico en menci\u00f3n y, sobre todo, dijo, mantenerlo como un lugar seguro, limpio y lleno de vida para las generaciones venideras.<\/p>\n\n\n\n<p>Entre las intervenciones realizadas en el lugar se encuentra la restauraci\u00f3n de la valla perimetral, juegos y &nbsp;luminarias, la rehabilitaci\u00f3n de la plancha de concreto, jardineras, siembra de plantas urbanas y se pint\u00f3 un mural de grandes dimensiones en la superficie del parque.&nbsp;<\/p>\n\n\n\n<p>Al evento de corte de list\u00f3n inaugural acudi\u00f3 Lin Gio P\u00e9rez Z\u00e1rate, directora General de Prevenci\u00f3n del Delito y Participaci\u00f3n Ciudadana de la Secretar\u00eda de Seguridad P\u00fablica, en representaci\u00f3n del Gobernador del Estado, Salom\u00f3n Jara Cruz; el Gerente de Asuntos Corporativos y Gubernamentales de la organizaci\u00f3n KOF, Samuel Ferrer.&nbsp;<\/p>\n\n\n\n<p>As\u00ed como Luciana Renner, directora Ejecutiva de Fundaci\u00f3n Placemaking M\u00e9xico, la consultora ejecutiva en impacto e inversi\u00f3n social de Fundaci\u00f3n Femsa, Karina Vargas; la representante de Grupo Oxxo, Melanie Arellanes, la Directora de Cova, Karen Legarreta; el representante de Laboratorios CHOPO, Gustavo Heredia, Gabriel Monroy de Grupo Femsa; integrantes del Cabildo, colaboradores municipales, comerciantes, invitados y familias beneficiadas.<\/p>\n\n\n\n<figure class=\"wp-block-embed is-type-rich is-provider-twitter wp-block-embed-twitter\"><div class=\"wp-block-embed__wrapper\">\n<div class=\"twitter-tweet\"><blockquote class=\"twitter-tweet\" data-lang=\"es\"><p lang=\"es\" dir=\"ltr\">La tarde de este mi\u00e9rcoles, el presidente municipal de Oaxaca de Ju\u00e1rez, <a href=\"https:\/\/twitter.com\/FMartinezNeri?ref_src=twsrc%5Etfw\">@FMartinezNeri<\/a>, inauguro el parque Cocijoeza, ubicado en inmediaciones de la Central de Abasto, espacio de esparcimiento para la poblaci\u00f3n en general.<br>\u201cEste proyecto es un ejemplo de lo que se puede lograr\u2026 <a href=\"https:\/\/t.co\/F49uCMaKzk\">pic.twitter.com\/F49uCMaKzk<\/a><\/p>&mdash; Zona Roja Oaxaca (@ZonaRoja_Oaxaca) <a href=\"https:\/\/twitter.com\/ZonaRoja_Oaxaca\/status\/1864695910610894937?ref_src=twsrc%5Etfw\">5 de diciembre de 2024<\/a><\/blockquote><\/div>\n<\/div><\/figure>\n","protected":false},"excerpt":{"rendered":"<p>Redacci\u00f3n\/Zona Roja. Oaxaca de Ju\u00e1rez, Oax., a 5 de diciembre de 2024.- Como resultado de&hellip;<\/p>\n","protected":false},"author":2,"featured_media":75219,"comment_status":"closed","ping_status":"open","sticky":false,"template":"","format":"standard","meta":{"_lmt_disableupdate":"","_lmt_disable":"","_jetpack_memberships_contains_paid_content":false,"footnotes":""},"categories":[109,46],"tags":[148],"class_list":["post-75218","post","type-post","status-publish","format-standard","has-post-thumbnail","hentry","category-minuto-a-minuto","category-zona-blanca","tag-oaxaca-de-juarez"],"jetpack_featured_media_url":"https:\/\/zonaroja.com.mx\/wp-content\/uploads\/2024\/12\/Parque-cocijoeza-Martinez-Neri-Oaxaca.jpeg","jetpack_sharing_enabled":true,"_links":{"self":[{"href":"https:\/\/zonaroja.com.mx\/index.php?rest_route=\/wp\/v2\/posts\/75218","targetHints":{"allow":["GET"]}}],"collection":[{"href":"https:\/\/zonaroja.com.mx\/index.php?rest_route=\/wp\/v2\/posts"}],"about":[{"href":"https:\/\/zonaroja.com.mx\/index.php?rest_route=\/wp\/v2\/types\/post"}],"author":[{"embeddable":true,"href":"https:\/\/zonaroja.com.mx\/index.php?rest_route=\/wp\/v2\/users\/2"}],"replies":[{"embeddable":true,"href":"https:\/\/zonaroja.com.mx\/index.php?rest_route=%2Fwp%2Fv2%2Fcomments&post=75218"}],"version-history":[{"count":1,"href":"https:\/\/zonaroja.com.mx\/index.php?rest_route=\/wp\/v2\/posts\/75218\/revisions"}],"predecessor-version":[{"id":75220,"href":"https:\/\/zonaroja.com.mx\/index.php?rest_route=\/wp\/v2\/posts\/75218\/revisions\/75220"}],"wp:featuredmedia":[{"embeddable":true,"href":"https:\/\/zonaroja.com.mx\/index.php?rest_route=\/wp\/v2\/media\/75219"}],"wp:attachment":[{"href":"https:\/\/zonaroja.com.mx\/index.php?rest_route=%2Fwp%2Fv2%2Fmedia&parent=75218"}],"wp:term":[{"taxonomy":"category","embeddable":true,"href":"https:\/\/zonaroja.com.mx\/index.php?rest_route=%2Fwp%2Fv2%2Fcategories&post=75218"},{"taxonomy":"post_tag","embeddable":true,"href":"https:\/\/zonaroja.com.mx\/index.php?rest_route=%2Fwp%2Fv2%2Ftags&post=75218"}],"curies":[{"name":"wp","href":"https:\/\/api.w.org\/{rel}","templated":true}]}}