{"id":75221,"date":"2024-12-05T22:25:11","date_gmt":"2024-12-06T04:25:11","guid":{"rendered":"https:\/\/zonaroja.com.mx\/?p=75221"},"modified":"2024-12-05T22:25:13","modified_gmt":"2024-12-06T04:25:13","slug":"ejecutan-a-dos-personas-en-el-istmo-identifican-al-asesinado-ayer","status":"publish","type":"post","link":"https:\/\/zonaroja.com.mx\/?p=75221","title":{"rendered":"Ejecutan a dos personas en el Istmo; identifican al asesinado ayer"},"content":{"rendered":"\n<p>Raymundo Morales\/Zona Roja.<\/p>\n\n\n\n<p>Oaxaca de Ju\u00e1rez, Oax., a 5 de diciembre de 2024.- Dos personas del sexo masculino fueron ejecutadas este jueves en el municipio de El Barrio de la Soledad, en la regi\u00f3n del Istmo.<\/p>\n\n\n\n<p>Ambos fueron acribillados por sujetos desconocidos mientras se encontraban en un taller de reparaci\u00f3n de veh\u00edculos, cerca de la escuela primaria \u201cMelchor Ocampo\u201d.<\/p>\n\n\n\n<p>Hasta esta noche las v\u00edctimas no han sido identificadas por sus nombres legales y el caso es investigado por la Vicefiscal\u00eda Regional del Istmo, de la Fiscal\u00eda General del Estado de Oaxaca.<\/p>\n\n\n\n<p>A\u00fan se desconoce qui\u00e9n o qui\u00e9nes los ultimaron con disparos de arma de fuego, tras lo cual huy\u00f3 o huyeron de la zona.<\/p>\n\n\n\n<p>Por otra parte, este d\u00eda fue identificada la v\u00edctima hallada ayer enterrada clandestinamente en un domicilio de la colonia Jos\u00e9 L\u00f3pez Portillo, en Santo Domingo Tehuantepec.<\/p>\n\n\n\n<p>De acuerdo con una ficha de la Unidad de B\u00fasqueda de Personas Desaparecidas y No Localizadas, se trata de Jos\u00e9 Leonardo Cruz P\u00e9rez, quien hab\u00eda sido reportado como desaparecido el pasado 30 de noviembre, en el mismo municipio de Tehuantepec.<\/p>\n\n\n\n<p>Hasta el momento no se ha revelado la forma en que lo privaron de la vida y las razones por las cuales enterraron el cuerpo en una fosa clandestina.<\/p>\n","protected":false},"excerpt":{"rendered":"<p>Raymundo Morales\/Zona Roja. Oaxaca de Ju\u00e1rez, Oax., a 5 de diciembre de 2024.- Dos personas&hellip;<\/p>\n","protected":false},"author":2,"featured_media":75222,"comment_status":"closed","ping_status":"open","sticky":false,"template":"","format":"standard","meta":{"_lmt_disableupdate":"","_lmt_disable":"","_jetpack_memberships_contains_paid_content":false,"footnotes":""},"categories":[109,51],"tags":[579],"class_list":["post-75221","post","type-post","status-publish","format-standard","has-post-thumbnail","hentry","category-minuto-a-minuto","category-zona-roja","tag-el-barrio-de-la-soledad"],"jetpack_featured_media_url":"https:\/\/zonaroja.com.mx\/wp-content\/uploads\/2024\/12\/Ejecutado-y-enterrado-Tehuantepec.jpeg","jetpack_sharing_enabled":true,"_links":{"self":[{"href":"https:\/\/zonaroja.com.mx\/index.php?rest_route=\/wp\/v2\/posts\/75221","targetHints":{"allow":["GET"]}}],"collection":[{"href":"https:\/\/zonaroja.com.mx\/index.php?rest_route=\/wp\/v2\/posts"}],"about":[{"href":"https:\/\/zonaroja.com.mx\/index.php?rest_route=\/wp\/v2\/types\/post"}],"author":[{"embeddable":true,"href":"https:\/\/zonaroja.com.mx\/index.php?rest_route=\/wp\/v2\/users\/2"}],"replies":[{"embeddable":true,"href":"https:\/\/zonaroja.com.mx\/index.php?rest_route=%2Fwp%2Fv2%2Fcomments&post=75221"}],"version-history":[{"count":1,"href":"https:\/\/zonaroja.com.mx\/index.php?rest_route=\/wp\/v2\/posts\/75221\/revisions"}],"predecessor-version":[{"id":75223,"href":"https:\/\/zonaroja.com.mx\/index.php?rest_route=\/wp\/v2\/posts\/75221\/revisions\/75223"}],"wp:featuredmedia":[{"embeddable":true,"href":"https:\/\/zonaroja.com.mx\/index.php?rest_route=\/wp\/v2\/media\/75222"}],"wp:attachment":[{"href":"https:\/\/zonaroja.com.mx\/index.php?rest_route=%2Fwp%2Fv2%2Fmedia&parent=75221"}],"wp:term":[{"taxonomy":"category","embeddable":true,"href":"https:\/\/zonaroja.com.mx\/index.php?rest_route=%2Fwp%2Fv2%2Fcategories&post=75221"},{"taxonomy":"post_tag","embeddable":true,"href":"https:\/\/zonaroja.com.mx\/index.php?rest_route=%2Fwp%2Fv2%2Ftags&post=75221"}],"curies":[{"name":"wp","href":"https:\/\/api.w.org\/{rel}","templated":true}]}}