{"id":75226,"date":"2024-12-06T08:20:00","date_gmt":"2024-12-06T14:20:00","guid":{"rendered":"https:\/\/zonaroja.com.mx\/?p=75226"},"modified":"2024-12-06T07:23:15","modified_gmt":"2024-12-06T13:23:15","slug":"respalda-gobernador-reformas-al-poder-judicial-de-oaxaca","status":"publish","type":"post","link":"https:\/\/zonaroja.com.mx\/?p=75226","title":{"rendered":"Respalda gobernador reformas al Poder Judicial de Oaxaca"},"content":{"rendered":"\n<p>Redacci\u00f3n\/Zona Roja.<\/p>\n\n\n\n<p>Oaxaca de Ju\u00e1rez, Oax., a 6 de diciembre de 2024.- El gobernador Salom\u00f3n Jara Cruz inform\u00f3 que la administraci\u00f3n que encabeza present\u00f3 a la 66 Legislatura del Congreso una iniciativa de reforma a la Constituci\u00f3n en materia del Poder Judicial del Estado, a fin de homologar la legislaci\u00f3n local con la federal.<\/p>\n\n\n\n<p>En la edici\u00f3n 94 del programa \u201cJueves de Gozona\u201d realizada desde el parque \u201cPrimavera Oaxaque\u00f1a Cho Ndob\u00e1\u201d, el mandatario estatal explic\u00f3 que esta propuesta reducir\u00e1, en caso de ser aprobada por las y los diputados, el n\u00famero de magistraturas de 28 a 22 y busca crear siete salas regionales mixtas, cada una con tres magistraturas.<\/p>\n\n\n\n<p>\u201cPor primera vez veremos una participaci\u00f3n diferente. Quienes aspiren a estos cargos har\u00e1n campa\u00f1a y presentar\u00e1n ante la poblaci\u00f3n y medios de comunicaci\u00f3n el trabajo que han realizado\u201d, manifest\u00f3 ante las y los periodistas Rosy Ramales, Humberto Cruz y Jaime Vel\u00e1squez.<\/p>\n\n\n\n<p>Respecto a la validaci\u00f3n que la Suprema Corte de Justicia de la Naci\u00f3n efectu\u00f3 de la Reforma Constitucional para la homologaci\u00f3n de las elecciones en 2028, el Gobernante reconoci\u00f3 el trabajo realizado para fortalecer la gobernabilidad y estabilidad pol\u00edtica.<\/p>\n\n\n\n<p>\u201cMe da gusto que la resoluci\u00f3n de la Suprema Corte de Justicia de la Naci\u00f3n haya sido la correcta en los t\u00e9rminos que fue la iniciativa que se present\u00f3 al Congreso local\u201d, dijo.<\/p>\n\n\n\n<p>Cabe destacar que esta reforma establece que las elecciones locales de gubernatura, diputaciones locales y ayuntamientos se celebren de manera concurrente con los comicios federales, lo que permitir\u00e1 una mayor coordinaci\u00f3n entre los poderes. Asimismo, por \u00fanica ocasi\u00f3n, el cargo a la gubernatura de la entidad ser\u00e1 solo por 2 a\u00f1os.<\/p>\n\n\n\n<p>En el programa transmitido por la Corporaci\u00f3n Oaxaque\u00f1a de Radio y Televisi\u00f3n (Cortv), el titular del Poder Ejecutivo invit\u00f3 a las familias a participar en las diversas actividades recreativas, culturales, art\u00edsticas y gastron\u00f3micas que forman parte del Festival Navide\u00f1o que se desarrolla en este recinto hasta el 7 de enero de 2025.<\/p>\n","protected":false},"excerpt":{"rendered":"<p>Redacci\u00f3n\/Zona Roja. Oaxaca de Ju\u00e1rez, Oax., a 6 de diciembre de 2024.- El gobernador Salom\u00f3n&hellip;<\/p>\n","protected":false},"author":2,"featured_media":75227,"comment_status":"closed","ping_status":"open","sticky":false,"template":"","format":"standard","meta":{"_lmt_disableupdate":"","_lmt_disable":"","_jetpack_memberships_contains_paid_content":false,"footnotes":""},"categories":[109,46],"tags":[939],"class_list":["post-75226","post","type-post","status-publish","format-standard","has-post-thumbnail","hentry","category-minuto-a-minuto","category-zona-blanca","tag-salomon-jara-cruz"],"jetpack_featured_media_url":"https:\/\/zonaroja.com.mx\/wp-content\/uploads\/2024\/12\/Gobernaor-Salomon-Jara.jpeg","jetpack_sharing_enabled":true,"_links":{"self":[{"href":"https:\/\/zonaroja.com.mx\/index.php?rest_route=\/wp\/v2\/posts\/75226","targetHints":{"allow":["GET"]}}],"collection":[{"href":"https:\/\/zonaroja.com.mx\/index.php?rest_route=\/wp\/v2\/posts"}],"about":[{"href":"https:\/\/zonaroja.com.mx\/index.php?rest_route=\/wp\/v2\/types\/post"}],"author":[{"embeddable":true,"href":"https:\/\/zonaroja.com.mx\/index.php?rest_route=\/wp\/v2\/users\/2"}],"replies":[{"embeddable":true,"href":"https:\/\/zonaroja.com.mx\/index.php?rest_route=%2Fwp%2Fv2%2Fcomments&post=75226"}],"version-history":[{"count":1,"href":"https:\/\/zonaroja.com.mx\/index.php?rest_route=\/wp\/v2\/posts\/75226\/revisions"}],"predecessor-version":[{"id":75228,"href":"https:\/\/zonaroja.com.mx\/index.php?rest_route=\/wp\/v2\/posts\/75226\/revisions\/75228"}],"wp:featuredmedia":[{"embeddable":true,"href":"https:\/\/zonaroja.com.mx\/index.php?rest_route=\/wp\/v2\/media\/75227"}],"wp:attachment":[{"href":"https:\/\/zonaroja.com.mx\/index.php?rest_route=%2Fwp%2Fv2%2Fmedia&parent=75226"}],"wp:term":[{"taxonomy":"category","embeddable":true,"href":"https:\/\/zonaroja.com.mx\/index.php?rest_route=%2Fwp%2Fv2%2Fcategories&post=75226"},{"taxonomy":"post_tag","embeddable":true,"href":"https:\/\/zonaroja.com.mx\/index.php?rest_route=%2Fwp%2Fv2%2Ftags&post=75226"}],"curies":[{"name":"wp","href":"https:\/\/api.w.org\/{rel}","templated":true}]}}