{"id":75237,"date":"2024-12-06T12:28:00","date_gmt":"2024-12-06T18:28:00","guid":{"rendered":"https:\/\/zonaroja.com.mx\/?p=75237"},"modified":"2024-12-06T09:29:58","modified_gmt":"2024-12-06T15:29:58","slug":"opinion-el-rio-atoyac-muere-ante-la-indiferencia-politica","status":"publish","type":"post","link":"https:\/\/zonaroja.com.mx\/?p=75237","title":{"rendered":"Opini\u00f3n. El r\u00edo \u201cAtoyac\u201d muere ante la indiferencia pol\u00edtica"},"content":{"rendered":"\n<p>N\u00e9stor Y. S\u00e1nchez Islas<\/p>\n\n\n\n<p>Con la muerte de cada r\u00edo y su cuenca muere tambi\u00e9n un poco de la humanidad. Ya no&nbsp;son fuentes de vida, son&nbsp;pretextos para el&nbsp;oportunismo pol\u00edtico,&nbsp;la&nbsp;avaricia inmobiliaria&nbsp;que invade sus riberas&nbsp;y bot\u00edn de toda clase de mafias&nbsp;que explota sus bancos de materiales. Todo eso ha matado a nuestro querido r\u00edo Atoyac, hoy reducido a un canal de aguas negras&nbsp;y muertas.<\/p>\n\n\n\n<p>Lo que sucede con el Atoyac sucede con otros r\u00edos. El de Jalatlaco fue enterrado vivo en los a\u00f1os 70 y el de las Etnias tambi\u00e9n. El r\u00edo Salado, desde mucho antes de unirse al Atoyac, ya va muerto. Estamos rodeados de muerte y pestilencia como si fuera normal vivir as\u00ed, en donde tenemos recursos para festivales tontos, pero no para sanear nuestras fuentes de vida.<\/p>\n\n\n\n<p>La clase pol\u00edtica no capta el riesgo que para los valles centrales representa la muerte del Atoyac. Lo usan como tema de campa\u00f1a, pero no se ven acciones&nbsp;oportunas&nbsp;m\u00e1s all\u00e1 del discurso obligado en favor de la conservaci\u00f3n del medio. O peor, justifican millones de pesos que nadie sabe en d\u00f3nde quedaron como lo hizo Alejandro Murat en su \u00faltimo informe en el que afirm\u00f3 haber gastado 120 millones en su&nbsp;saneamiento.<\/p>\n\n\n\n<p>Los gobernadores tienden a no escuchar a nadie m\u00e1s que as\u00ed mismos. Ni por gusto ni&nbsp;por conciencia ambiental escuchan los estertores de nuestra principal cuenca h\u00eddrica para la ciudad capital. Las prioridades pol\u00edticas son las suyas&nbsp;propias&nbsp;y nadie deber\u00e1 objetarlas. Como virreyes que son, ejercen un poder absoluto y, mientras no sea su voluntad, no se har\u00e1 nada.<\/p>\n\n\n\n<p>Mientras&nbsp;el gobernador&nbsp;no tenga voluntad el Congreso local&nbsp;tampoco, compuesto por hombres y mujeres sin voluntad propia, no har\u00e1&nbsp;nada en favor de la naturaleza. Todo lo politizan y la 4T podr\u00eda culpar a Felipe Calder\u00f3n o al neoliberalismo de nuestro desastre ambiental. Prefieren el cortoplacismo y destinar recursos a una&nbsp;verbena&nbsp;o calenda para manipular y crear un falso ambiente de felicidad&nbsp;antes&nbsp;que dise\u00f1ar pol\u00edticas p\u00fablicas responsables, y adem\u00e1s urgentes, en materia ambiental porque ya estamos frente a un desaf\u00edo a nuestra propia supervivencia.&nbsp;Apenas hace unos meses la naturaleza nos puso de rodillas para suplicar por un poco de agua, por una lluvia que aliviara nuestra sed. La emergencia ya pas\u00f3, ya no hay protestas callejeras por falta de agua, ya se nos est\u00e1 olvidando lo vivido y, c\u00f3modamente, ya dejamos de presionar a las autoridades para recuperar nuestros r\u00edos y conservar sus cuencas h\u00eddricas, hoy v\u00edctimas de la voracidad inmobiliaria como son el caso del Ejido Guadalupe Victoria y el Cerro del Crest\u00f3n.<\/p>\n\n\n\n<p>La postura del r\u00e9gimen estatal&nbsp;est\u00e1&nbsp;muy lejos de manifestar el menor inter\u00e9s por el medio, aunque si lo tienen por el dinero. Nada hacen por el rescate del Atoyac, pero si impusieron los operativos viales para obligar a pagar una verificaci\u00f3n vehicular que era un negocio cercano a los 500 millones de pesos. La presi\u00f3n ciudadana que tir\u00f3 ese negocio deber\u00eda&nbsp;aplicarse&nbsp;por el rescate del r\u00edo Atoyac.<\/p>\n\n\n\n<p>Los diagn\u00f3sticos sobre lo que sucede con el&nbsp;r\u00edo&nbsp;existen desde hace a\u00f1os, lo que falta son acciones y voluntad pol\u00edtica m\u00e1s que la demagogia y la fraseolog\u00eda llena de lugares comunes que viene desde los falsos ecologistas&nbsp;que se montaron en la legitimidad de movimientos sociales de corte ambiental de los a\u00f1os 90 pero que derivaron, al menos en M\u00e9xico,&nbsp;en oportunismo&nbsp;por lo que no pueden entender la gravedad de la situaci\u00f3n.<\/p>\n\n\n\n<p>Hay que admitirlo, para este gobierno, el rescate del Atoyac carece de urgencia. No se trata de hacer m\u00e1s estudios o poner al frente de la secretar\u00eda del ramo a una acad\u00e9mica, se trata de enfrentar a los grupos de inter\u00e9s que se ver\u00edan afectados, aplicar las leyes ambientales, aprobar presupuestos suficientes&nbsp;y dejar de gastar en otras cosas menos importantes, apoyar a instituciones de investigaci\u00f3n para desarrollar tecnolog\u00edas limpias y sostenibles y utilizar los medios de difusi\u00f3n del Estado no solo para decirnos que hizo el gobernador sino para educar a la gente sobre la importancia de que no muera nuestro r\u00edo.<\/p>\n\n\n\n<p>Los temas ambientales provocan terror a los pol\u00edticos porque temen perder votos.&nbsp;El cambio clim\u00e1tico ya est\u00e1 aqu\u00ed&nbsp;y&nbsp;la falta de agua es un tema&nbsp;de vida o muerte&nbsp;y no de votos. Ya tuvimos protestas, lo pr\u00f3ximo&nbsp;ser\u00e1&nbsp;violencia y hasta muerte&nbsp;por una pipa de agua.<\/p>\n\n\n\n<p>MEZCALEROS.<\/p>\n\n\n\n<p>La Celebraci\u00f3n por los 30 a\u00f1os de la obtenci\u00f3n de la Denominaci\u00f3n de Origen del mezcal para Oaxaca y otros estados fue una oportunidad para&nbsp;exhibir&nbsp;que hay&nbsp;mezcaleros&nbsp;de primera y de segunda. Los que est\u00e1n alineados con el r\u00e9gimen celebraron a trav\u00e9s del&nbsp;Comercam&nbsp;con un festejo millonario. Son los mezcaleros oficiales o de primera.&nbsp;Los afiliados al otro organismo certificador&nbsp;en Oaxaca, AMMA,&nbsp;fueron desplazados desde el&nbsp;gobierno&nbsp;y ser\u00edan, para el&nbsp;oficialismo, de segunda. Este gobierno hace lo mismo que su antecesor:&nbsp;discrimina&nbsp;a los que no le simpatizan.<\/p>\n\n\n\n<p><a href=\"mailto:nestoryuri@yahoo.com\">nestoryuri@yahoo.com<\/a><\/p>\n","protected":false},"excerpt":{"rendered":"<p>N\u00e9stor Y. S\u00e1nchez Islas Con la muerte de cada r\u00edo y su cuenca muere tambi\u00e9n&hellip;<\/p>\n","protected":false},"author":2,"featured_media":67897,"comment_status":"closed","ping_status":"open","sticky":false,"template":"","format":"standard","meta":{"_lmt_disableupdate":"","_lmt_disable":"","_jetpack_memberships_contains_paid_content":false,"footnotes":""},"categories":[456,109],"tags":[3050],"class_list":["post-75237","post","type-post","status-publish","format-standard","has-post-thumbnail","hentry","category-columna","category-minuto-a-minuto","tag-nestor-yuri-sanchez"],"jetpack_featured_media_url":"https:\/\/zonaroja.com.mx\/wp-content\/uploads\/2024\/05\/Opinion-Nestor-Yuri-Sanchez.jpeg","jetpack_sharing_enabled":true,"_links":{"self":[{"href":"https:\/\/zonaroja.com.mx\/index.php?rest_route=\/wp\/v2\/posts\/75237","targetHints":{"allow":["GET"]}}],"collection":[{"href":"https:\/\/zonaroja.com.mx\/index.php?rest_route=\/wp\/v2\/posts"}],"about":[{"href":"https:\/\/zonaroja.com.mx\/index.php?rest_route=\/wp\/v2\/types\/post"}],"author":[{"embeddable":true,"href":"https:\/\/zonaroja.com.mx\/index.php?rest_route=\/wp\/v2\/users\/2"}],"replies":[{"embeddable":true,"href":"https:\/\/zonaroja.com.mx\/index.php?rest_route=%2Fwp%2Fv2%2Fcomments&post=75237"}],"version-history":[{"count":1,"href":"https:\/\/zonaroja.com.mx\/index.php?rest_route=\/wp\/v2\/posts\/75237\/revisions"}],"predecessor-version":[{"id":75238,"href":"https:\/\/zonaroja.com.mx\/index.php?rest_route=\/wp\/v2\/posts\/75237\/revisions\/75238"}],"wp:featuredmedia":[{"embeddable":true,"href":"https:\/\/zonaroja.com.mx\/index.php?rest_route=\/wp\/v2\/media\/67897"}],"wp:attachment":[{"href":"https:\/\/zonaroja.com.mx\/index.php?rest_route=%2Fwp%2Fv2%2Fmedia&parent=75237"}],"wp:term":[{"taxonomy":"category","embeddable":true,"href":"https:\/\/zonaroja.com.mx\/index.php?rest_route=%2Fwp%2Fv2%2Fcategories&post=75237"},{"taxonomy":"post_tag","embeddable":true,"href":"https:\/\/zonaroja.com.mx\/index.php?rest_route=%2Fwp%2Fv2%2Ftags&post=75237"}],"curies":[{"name":"wp","href":"https:\/\/api.w.org\/{rel}","templated":true}]}}