{"id":75245,"date":"2024-12-06T13:35:38","date_gmt":"2024-12-06T19:35:38","guid":{"rendered":"https:\/\/zonaroja.com.mx\/?p=75245"},"modified":"2024-12-06T13:35:40","modified_gmt":"2024-12-06T19:35:40","slug":"pese-a-presencia-de-garcia-harfuch-en-sinaloa-matan-a-policia-y-lesionan-a-4","status":"publish","type":"post","link":"https:\/\/zonaroja.com.mx\/?p=75245","title":{"rendered":"Pese a presencia de Garc\u00eda Harfuch en Sinaloa, matan a polic\u00eda y lesionan a 4"},"content":{"rendered":"\n<p>Redacci\u00f3n\/Zona Roja Cdmx.<\/p>\n\n\n\n<p>Ciudad de M\u00e9xico, a 6 de diciembre de 2024.- Un agente muerto y cuatro heridos fue el saldo de un ataque armado contra elementos de la Polic\u00eda Estatal Preventiva en el sector del Aeropuerto de Culiac\u00e1n, inform\u00f3 el secretario de Seguridad estatal Gerardo M\u00e9rida S\u00e1nchez.<\/p>\n\n\n\n<p>El funcionario detall\u00f3 que la agresi\u00f3n se perpetr\u00f3 este viernes a las 7:30 de la ma\u00f1ana, a la altura del aeropuerto, en la colonia Bachigualato.<\/p>\n\n\n\n<p>Detall\u00f3 que en el lugar cinco polic\u00edas resultaron lesionados, pero uno de ellos falleci\u00f3 en la cl\u00ednica particular a donde fue trasladado, en tanto los otros cuatro se encuentran estables y recibiendo atenci\u00f3n hospitalaria.<\/p>\n\n\n\n<p>M\u00e9rida S\u00e1nchez detall\u00f3 que metros adelante de donde se cometi\u00f3 el ataque, entre las calles avenida de Las Torres y Emiliano Zapata, las autoridades localizaron un veh\u00edculo que fue abandonado, con impactos de armas de fuego, por lo que se presume que los agentes repelieron la agresi\u00f3n.<\/p>\n\n\n\n<p>Hasta el momento nos hay detenidos y la Fiscal\u00eda General del Estado realiza las investigaciones correspondientes.<\/p>\n","protected":false},"excerpt":{"rendered":"<p>Redacci\u00f3n\/Zona Roja Cdmx. Ciudad de M\u00e9xico, a 6 de diciembre de 2024.- Un agente muerto&hellip;<\/p>\n","protected":false},"author":2,"featured_media":75246,"comment_status":"closed","ping_status":"open","sticky":false,"template":"","format":"standard","meta":{"_lmt_disableupdate":"","_lmt_disable":"","_jetpack_memberships_contains_paid_content":false,"footnotes":""},"categories":[109,51],"tags":[1335],"class_list":["post-75245","post","type-post","status-publish","format-standard","has-post-thumbnail","hentry","category-minuto-a-minuto","category-zona-roja","tag-culiacan-sinaloa"],"jetpack_featured_media_url":"https:\/\/zonaroja.com.mx\/wp-content\/uploads\/2024\/12\/Violencia-en-Sinaloa.webp","jetpack_sharing_enabled":true,"_links":{"self":[{"href":"https:\/\/zonaroja.com.mx\/index.php?rest_route=\/wp\/v2\/posts\/75245","targetHints":{"allow":["GET"]}}],"collection":[{"href":"https:\/\/zonaroja.com.mx\/index.php?rest_route=\/wp\/v2\/posts"}],"about":[{"href":"https:\/\/zonaroja.com.mx\/index.php?rest_route=\/wp\/v2\/types\/post"}],"author":[{"embeddable":true,"href":"https:\/\/zonaroja.com.mx\/index.php?rest_route=\/wp\/v2\/users\/2"}],"replies":[{"embeddable":true,"href":"https:\/\/zonaroja.com.mx\/index.php?rest_route=%2Fwp%2Fv2%2Fcomments&post=75245"}],"version-history":[{"count":1,"href":"https:\/\/zonaroja.com.mx\/index.php?rest_route=\/wp\/v2\/posts\/75245\/revisions"}],"predecessor-version":[{"id":75247,"href":"https:\/\/zonaroja.com.mx\/index.php?rest_route=\/wp\/v2\/posts\/75245\/revisions\/75247"}],"wp:featuredmedia":[{"embeddable":true,"href":"https:\/\/zonaroja.com.mx\/index.php?rest_route=\/wp\/v2\/media\/75246"}],"wp:attachment":[{"href":"https:\/\/zonaroja.com.mx\/index.php?rest_route=%2Fwp%2Fv2%2Fmedia&parent=75245"}],"wp:term":[{"taxonomy":"category","embeddable":true,"href":"https:\/\/zonaroja.com.mx\/index.php?rest_route=%2Fwp%2Fv2%2Fcategories&post=75245"},{"taxonomy":"post_tag","embeddable":true,"href":"https:\/\/zonaroja.com.mx\/index.php?rest_route=%2Fwp%2Fv2%2Ftags&post=75245"}],"curies":[{"name":"wp","href":"https:\/\/api.w.org\/{rel}","templated":true}]}}