{"id":75251,"date":"2024-12-06T20:08:38","date_gmt":"2024-12-07T02:08:38","guid":{"rendered":"https:\/\/zonaroja.com.mx\/?p=75251"},"modified":"2024-12-06T20:08:40","modified_gmt":"2024-12-07T02:08:40","slug":"exigen-ong-frenar-violencia-por-operaciones-de-minera-en-oaxaca","status":"publish","type":"post","link":"https:\/\/zonaroja.com.mx\/?p=75251","title":{"rendered":"Exigen ONG frenar violencia por operaciones de minera en Oaxaca"},"content":{"rendered":"\n<p>Ismael Garc\u00eda M.\/Zona Roja.<\/p>\n\n\n\n<p>Oaxaca de Ju\u00e1rez, Oax., a 6 de diciembre de 2024.- Organismos de la sociedad civil demandaron cese de la violencia en la regi\u00f3n Sierra Norte, tras el enfrentamiento hoy entre Capul\u00e1lpam de M\u00e9ndez y La Natividad, por la operaci\u00f3n de una mina.<\/p>\n\n\n\n<p>De acuerdo con comuneros de La Natividad, ellos fueron los agredidos la ma\u00f1ana de hoy y un trabajador de la mina fue retenido por unas horas, cuando realizaban labores de traslado de materiales.<\/p>\n\n\n\n<p>No obstante, Capul\u00e1lpam asegura que ellos fueron los agredidos al retener la unidad de motor, tipo volteo, que trasladaba material p\u00e9treo que sacaron de la mina.<\/p>\n\n\n\n<p>Hasta el momento no hay versi\u00f3n oficial del Gobierno del Estado ni el n\u00famero de personas lesionadas; de manera preliminar se inform\u00f3 que en el conflicto hubo disparos de arma de fuego.<\/p>\n\n\n\n<p>Organismos de la sociedad civil defendieron a Capul\u00e1lpam y aseguraron que hay varias personas lesionadas, as\u00ed como veh\u00edculos da\u00f1ados e incluso intentaron arrollar al presidente del Comisariado de Bienes Comunales.<\/p>\n\n\n\n<p>En un comunicado, detallaron que desde el a\u00f1o 2016, la Procuradur\u00eda Federal de Protecci\u00f3n al Ambiente (Profepa) clausur\u00f3 la minera Natividad y el 5 de agosto pasado, la Semarnat, la Profepa, la Conagua y la Guardia Nacional clausuraron la mina de nuevo; sin embargo, sigue oper\u00e1ndonosla ilegalmente.<\/p>\n\n\n\n<p>Se\u00f1alaron que la minera Natividad y Anexas, S.A. de C.V. era una filial de la canadiense Continnum Resources LTD, misma que fue adquirida por la tambi\u00e9n canadiense Fortuna Silver Mines (FSM) en 2009. Hoy d\u00eda, las concesiones mineras de la regi\u00f3n est\u00e1n en manos de Zapata Exploration LTD con sede en Vancouver, Canad\u00e1.<\/p>\n\n\n\n<p>\u201cEn lo que va del a\u00f1o, autoridades de la comunidad zapoteca de Capul\u00e1lpam de M\u00e9ndez confiscaron ya dos veces toneladas de minerales extra\u00eddas de manera clandestina por la minera en Natividad.&nbsp;<\/p>\n\n\n\n<p>\u201cAdem\u00e1s, el 5 de junio, se prendi\u00f3 fuego al bosque en la zona cercana a los limites con el pueblo de Natividad\u201d, detallaron organizaciones como Oidho, CIPO-RFM, Frente Popular Revolucionario (FPR) y Servicios para una Educaci\u00f3n Alternativa (Educa), entre otros.<\/p>\n\n\n\n<p>\u201cLas organizaciones firmantes condenamos las agresiones a las autoridades de Capul\u00e1lpam de M\u00e9ndez por parte de trabajadores de la minera Natividad.<\/p>\n\n\n\n<p>Exigimos a las autoridades investigar los hechos y brindar protecci\u00f3n a quienes defienden su territorio\u201d, expusieron.<\/p>\n\n\n\n<p>Por su parte, el organismo civil C\u00f3digo DH se solidariz\u00f3 tambi\u00e9n con la autoridad agraria de Capul\u00e1lpam.<\/p>\n\n\n\n<p>\u201cLamentamos y condenamos en\u00e9rgicamente estos actos de violencia que atentan contra la integridad de quienes defienden el territorio y los derechos colectivos de su comunidad.<\/p>\n\n\n\n<p>\u201cEs inaceptable que, a pesar de las clausuras realizadas por la Profepa, Semarnat, Conagua y la Guardia Nacional en agosto de 2024, la empresa contin\u00fae operando de manera ilegal, generando conflicto y poniendo en riesgo la seguridad de las comunidades\u201d, expuso en un comunicado.<\/p>\n","protected":false},"excerpt":{"rendered":"<p>Ismael Garc\u00eda M.\/Zona Roja. Oaxaca de Ju\u00e1rez, Oax., a 6 de diciembre de 2024.- Organismos&hellip;<\/p>\n","protected":false},"author":2,"featured_media":75252,"comment_status":"closed","ping_status":"open","sticky":false,"template":"","format":"standard","meta":{"_lmt_disableupdate":"","_lmt_disable":"","_jetpack_memberships_contains_paid_content":false,"footnotes":""},"categories":[109,47],"tags":[1358],"class_list":["post-75251","post","type-post","status-publish","format-standard","has-post-thumbnail","hentry","category-minuto-a-minuto","category-zona-gris","tag-capulalpam-de-mendez"],"jetpack_featured_media_url":"https:\/\/zonaroja.com.mx\/wp-content\/uploads\/2024\/12\/Violencia-Capulalpam-Natividad.jpg","jetpack_sharing_enabled":true,"_links":{"self":[{"href":"https:\/\/zonaroja.com.mx\/index.php?rest_route=\/wp\/v2\/posts\/75251","targetHints":{"allow":["GET"]}}],"collection":[{"href":"https:\/\/zonaroja.com.mx\/index.php?rest_route=\/wp\/v2\/posts"}],"about":[{"href":"https:\/\/zonaroja.com.mx\/index.php?rest_route=\/wp\/v2\/types\/post"}],"author":[{"embeddable":true,"href":"https:\/\/zonaroja.com.mx\/index.php?rest_route=\/wp\/v2\/users\/2"}],"replies":[{"embeddable":true,"href":"https:\/\/zonaroja.com.mx\/index.php?rest_route=%2Fwp%2Fv2%2Fcomments&post=75251"}],"version-history":[{"count":1,"href":"https:\/\/zonaroja.com.mx\/index.php?rest_route=\/wp\/v2\/posts\/75251\/revisions"}],"predecessor-version":[{"id":75253,"href":"https:\/\/zonaroja.com.mx\/index.php?rest_route=\/wp\/v2\/posts\/75251\/revisions\/75253"}],"wp:featuredmedia":[{"embeddable":true,"href":"https:\/\/zonaroja.com.mx\/index.php?rest_route=\/wp\/v2\/media\/75252"}],"wp:attachment":[{"href":"https:\/\/zonaroja.com.mx\/index.php?rest_route=%2Fwp%2Fv2%2Fmedia&parent=75251"}],"wp:term":[{"taxonomy":"category","embeddable":true,"href":"https:\/\/zonaroja.com.mx\/index.php?rest_route=%2Fwp%2Fv2%2Fcategories&post=75251"},{"taxonomy":"post_tag","embeddable":true,"href":"https:\/\/zonaroja.com.mx\/index.php?rest_route=%2Fwp%2Fv2%2Ftags&post=75251"}],"curies":[{"name":"wp","href":"https:\/\/api.w.org\/{rel}","templated":true}]}}