{"id":75254,"date":"2024-12-06T20:57:02","date_gmt":"2024-12-07T02:57:02","guid":{"rendered":"https:\/\/zonaroja.com.mx\/?p=75254"},"modified":"2024-12-06T20:57:04","modified_gmt":"2024-12-07T02:57:04","slug":"realizan-conversatorio-sobre-derechos-politico-electorales-de-personas-con-discapacidad","status":"publish","type":"post","link":"https:\/\/zonaroja.com.mx\/?p=75254","title":{"rendered":"Realizan conversatorio sobre derechos pol\u00edtico-electorales de personas con discapacidad"},"content":{"rendered":"\n<p>Redacci\u00f3n\/Zona Roja.<\/p>\n\n\n\n<p>Oaxaca de Ju\u00e1rez, Oax., a 6 de diciembre de 2024.- El Instituto Estatal Electoral y de Participaci\u00f3n Ciudadana de Oaxaca (IEEPCO), en coordinaci\u00f3n con el Sistema DIF Oaxaca y la Comisi\u00f3n de Situaci\u00f3n de Vulnerabilidad del Congreso del Estado, llev\u00f3 a cabo el conversatorio \u00abRetos y avances de los derechos pol\u00edtico-electorales de las personas con discapacidad\u201d, en el marco del D\u00eda Internacional que se conmemor\u00f3 el pasado 3 de diciembre.&nbsp;<\/p>\n\n\n\n<p>En el mensaje inaugural, la consejera presidenta del IEEPCO, Elizabeth S\u00e1nchez Gonz\u00e1lez,&nbsp;se\u00f1al\u00f3 que, en el \u00e1mbito pol\u00edtico-electoral, la inclusi\u00f3n de las personas con discapacidad no solo es un acto de justicia, sino un imperativo para fortalecer la democracia. \u201cSu participaci\u00f3n activa en las decisiones pol\u00edticas y en la construcci\u00f3n de pol\u00edticas p\u00fablicas inclusivas genera una representaci\u00f3n m\u00e1s equitativa y asegura que las necesidades de todos los sectores sean atendidas\u201d, refiri\u00f3.<\/p>\n\n\n\n<p>La Consejera Electoral&nbsp;y Presidenta de la Comisi\u00f3n de Igualdad de G\u00e9nero y No discriminaci\u00f3n, Gabriela Fernanda Espinoza&nbsp; Blancas, detall\u00f3 que el \u00f3rgano electoral refrenda su compromiso con el reconocimiento, la salvaguarda y garant\u00eda de los derechos &nbsp;pol\u00edtico-electorales de las personas con discapacidad a votar y ser votadas , desempe\u00f1ar cualquier funci\u00f3n p\u00fablica, participar en la direcci\u00f3n de los asuntos&nbsp; p\u00fablicos&nbsp; y ser designadas o elegidas para integrar alg\u00fan \u00f3rgano representativo.&nbsp;<\/p>\n\n\n\n<p>Por su parte, la consejera electoral, Ana Mar\u00eda M\u00e1rquez Andr\u00e9s, se\u00f1al\u00f3 que en el marco del D\u00eda Internacional de las Personas con discapacidad, resulta importante reflexionar acerca del respeto y ejercicio de sus derechos humanos, pues en la medida que se eliminen los obst\u00e1culos que les impiden su inclusi\u00f3n en los procesos electorales y de toma de decisiones se lograr\u00e1 fortalecer la democracia en nuestro estado y pa\u00eds.<\/p>\n\n\n\n<p>En uso de la voz,&nbsp;la diputada local suplente, Cecilia Olivia Cruz Merl\u00edn, recalc\u00f3 la importancia de que las personas con discapacidad participen de manera activa en la vida p\u00fablica y pol\u00edtica de sus comunidades y record\u00f3 que fue a trav\u00e9s de la lucha por la defensa de sus derechos, que hoy cuentan con representantes en el Congreso estatal.<\/p>\n\n\n\n<p>En su intervenci\u00f3n, el Director del Centro de Rehabilitaci\u00f3n para Ciegos y D\u00e9biles Visuales de Oaxaca, Edgar Cruz Luj\u00e1n, urgi\u00f3 que se trabaje en la sensibilizaci\u00f3n y preparaci\u00f3n de las autoridades y sociedad civil, para que no se confunda incapacidad con discapacidad y su labor tenga siempre perspectiva de discapacidad.<\/p>\n\n\n\n<p>Al participar, el jefe de departamento de Garant\u00eda de Derechos a Personas con Discapacidad del DIF Oaxaca, Julio C\u00e9sar Hern\u00e1ndez Mu\u00f1oz, reflexion\u00f3 sobre la importancia de que las personas con discapacidad tengan voz y voto en la toma de decisiones, en la elaboraci\u00f3n y ejecuci\u00f3n de las pol\u00edticas publicas y las leyes del Estado, para consolidar una sociedad democr\u00e1tica inclusiva que contribuya al pleno ejercicio de sus derechos pol\u00edtico\u2013electorales.<\/p>\n\n\n\n<p>Para finalizar el titular de la Direcci\u00f3n Ejecutiva de Partidos Pol\u00edticos, Prerrogativas y Candidatos Independientes del IEEPCO, Miguel \u00c1ngel Garc\u00eda Onofre, record\u00f3 que la reforma del 2014 signific\u00f3 un parteaguas debido a la integraci\u00f3n de los de los Organismos P\u00fablicos Locales Electorales a un Sistema de Nacional de Elecciones, los cuales han logrado avances significativos para la vida democr\u00e1tica en materia de acciones afirmativas para personas con discapacidad.<\/p>\n\n\n\n<p>La actividad, que estuvo enmarcada en la campa\u00f1a \u201cLa inclusi\u00f3n te incluye\u201d, cont\u00f3 con la presencia del Consejero Electoral, Manuel Cort\u00e9s Muriedas; la E.D. de la Secretar\u00eda Ejecutiva, Luisa Rebeca Garza L\u00f3pez; representantes de partidos pol\u00edticos ante el Consejo General; la diputada local y Presidenta de la Comisi\u00f3n de Situaci\u00f3n de Vulnerabilidad del Congreso del Estado, Kelly Jannet Cabrera Gonz\u00e1lez; la diputada local Mar\u00eda Eulalia Velasco Ram\u00edrez; representantes de asociaciones de personas con discapacidad y funcionariado del IEEPCO.<\/p>\n","protected":false},"excerpt":{"rendered":"<p>Redacci\u00f3n\/Zona Roja. Oaxaca de Ju\u00e1rez, Oax., a 6 de diciembre de 2024.- El Instituto Estatal&hellip;<\/p>\n","protected":false},"author":2,"featured_media":75255,"comment_status":"closed","ping_status":"open","sticky":false,"template":"","format":"standard","meta":{"_lmt_disableupdate":"","_lmt_disable":"","_jetpack_memberships_contains_paid_content":false,"footnotes":""},"categories":[109,46],"tags":[2932],"class_list":["post-75254","post","type-post","status-publish","format-standard","has-post-thumbnail","hentry","category-minuto-a-minuto","category-zona-blanca","tag-instituto-estatal-electoral-y-de-participacion-ciudadana-de-oaxaca-ieepco"],"jetpack_featured_media_url":"https:\/\/zonaroja.com.mx\/wp-content\/uploads\/2024\/12\/WhatsApp-Image-2024-12-05-at-6.13.09-PM.jpeg","jetpack_sharing_enabled":true,"_links":{"self":[{"href":"https:\/\/zonaroja.com.mx\/index.php?rest_route=\/wp\/v2\/posts\/75254","targetHints":{"allow":["GET"]}}],"collection":[{"href":"https:\/\/zonaroja.com.mx\/index.php?rest_route=\/wp\/v2\/posts"}],"about":[{"href":"https:\/\/zonaroja.com.mx\/index.php?rest_route=\/wp\/v2\/types\/post"}],"author":[{"embeddable":true,"href":"https:\/\/zonaroja.com.mx\/index.php?rest_route=\/wp\/v2\/users\/2"}],"replies":[{"embeddable":true,"href":"https:\/\/zonaroja.com.mx\/index.php?rest_route=%2Fwp%2Fv2%2Fcomments&post=75254"}],"version-history":[{"count":1,"href":"https:\/\/zonaroja.com.mx\/index.php?rest_route=\/wp\/v2\/posts\/75254\/revisions"}],"predecessor-version":[{"id":75256,"href":"https:\/\/zonaroja.com.mx\/index.php?rest_route=\/wp\/v2\/posts\/75254\/revisions\/75256"}],"wp:featuredmedia":[{"embeddable":true,"href":"https:\/\/zonaroja.com.mx\/index.php?rest_route=\/wp\/v2\/media\/75255"}],"wp:attachment":[{"href":"https:\/\/zonaroja.com.mx\/index.php?rest_route=%2Fwp%2Fv2%2Fmedia&parent=75254"}],"wp:term":[{"taxonomy":"category","embeddable":true,"href":"https:\/\/zonaroja.com.mx\/index.php?rest_route=%2Fwp%2Fv2%2Fcategories&post=75254"},{"taxonomy":"post_tag","embeddable":true,"href":"https:\/\/zonaroja.com.mx\/index.php?rest_route=%2Fwp%2Fv2%2Ftags&post=75254"}],"curies":[{"name":"wp","href":"https:\/\/api.w.org\/{rel}","templated":true}]}}