{"id":75257,"date":"2024-12-07T06:39:03","date_gmt":"2024-12-07T12:39:03","guid":{"rendered":"https:\/\/zonaroja.com.mx\/?p=75257"},"modified":"2024-12-07T06:39:05","modified_gmt":"2024-12-07T12:39:05","slug":"identifican-a-individuo-ejecutado-anoche-a-balazos-en-salina-cruz","status":"publish","type":"post","link":"https:\/\/zonaroja.com.mx\/?p=75257","title":{"rendered":"Identifican a individuo ejecutado anoche a balazos en Salina Cruz"},"content":{"rendered":"\n<p>Raymundo Morales\/Zona Roja.<\/p>\n\n\n\n<p>Oaxaca de Ju\u00e1rez, Oax., a 7 de diciembre de 2024.- Como Germa\u00edn R. D., de aproximadamente 40 a\u00f1os de edad, fue identificada la v\u00edctima asesinada anoche en la ciudad y puerto de Salina Cruz.<\/p>\n\n\n\n<p>El crimen se perpetr\u00f3 en un domicilio de la colonia Barrio Nuevo, ubicado en la avenida Hidalgo, en que sujetos armados dispararon en al menos 10 ocasiones en contra del hoy occiso.<\/p>\n\n\n\n<p>Los agresores lograron huir, presuntamente a bordo de una motocicleta y pese a los operativos de b\u00fasqueda, no hay hasta el momento alguna aprehensi\u00f3n.<\/p>\n\n\n\n<p>Personal de la Vicescal\u00eda Regional del Istmo, dependiente de la Fiscal\u00eda General del Estado, inici\u00f3 las indagatorias correspondientes, con la finalidad de lograr justicia.<\/p>\n\n\n\n<p>Por otra parte, esta ma\u00f1ana en el centro de la ciudad de Salina Cruz, un hombre, al parecer en situaci\u00f3n de indigencia, perdi\u00f3 la vida en c\u00e9ntricas calles; hasta el momento no se han dado a conocer los detalles del caso.<\/p>\n","protected":false},"excerpt":{"rendered":"<p>Raymundo Morales\/Zona Roja. Oaxaca de Ju\u00e1rez, Oax., a 7 de diciembre de 2024.- Como Germa\u00edn&hellip;<\/p>\n","protected":false},"author":2,"featured_media":75258,"comment_status":"closed","ping_status":"open","sticky":false,"template":"","format":"standard","meta":{"_lmt_disableupdate":"","_lmt_disable":"","_jetpack_memberships_contains_paid_content":false,"footnotes":""},"categories":[109,51],"tags":[168],"class_list":["post-75257","post","type-post","status-publish","format-standard","has-post-thumbnail","hentry","category-minuto-a-minuto","category-zona-roja","tag-salina-cruz"],"jetpack_featured_media_url":"https:\/\/zonaroja.com.mx\/wp-content\/uploads\/2024\/12\/Ejecutado-a-balazos-Salina-Cruz.jpg","jetpack_sharing_enabled":true,"_links":{"self":[{"href":"https:\/\/zonaroja.com.mx\/index.php?rest_route=\/wp\/v2\/posts\/75257","targetHints":{"allow":["GET"]}}],"collection":[{"href":"https:\/\/zonaroja.com.mx\/index.php?rest_route=\/wp\/v2\/posts"}],"about":[{"href":"https:\/\/zonaroja.com.mx\/index.php?rest_route=\/wp\/v2\/types\/post"}],"author":[{"embeddable":true,"href":"https:\/\/zonaroja.com.mx\/index.php?rest_route=\/wp\/v2\/users\/2"}],"replies":[{"embeddable":true,"href":"https:\/\/zonaroja.com.mx\/index.php?rest_route=%2Fwp%2Fv2%2Fcomments&post=75257"}],"version-history":[{"count":1,"href":"https:\/\/zonaroja.com.mx\/index.php?rest_route=\/wp\/v2\/posts\/75257\/revisions"}],"predecessor-version":[{"id":75259,"href":"https:\/\/zonaroja.com.mx\/index.php?rest_route=\/wp\/v2\/posts\/75257\/revisions\/75259"}],"wp:featuredmedia":[{"embeddable":true,"href":"https:\/\/zonaroja.com.mx\/index.php?rest_route=\/wp\/v2\/media\/75258"}],"wp:attachment":[{"href":"https:\/\/zonaroja.com.mx\/index.php?rest_route=%2Fwp%2Fv2%2Fmedia&parent=75257"}],"wp:term":[{"taxonomy":"category","embeddable":true,"href":"https:\/\/zonaroja.com.mx\/index.php?rest_route=%2Fwp%2Fv2%2Fcategories&post=75257"},{"taxonomy":"post_tag","embeddable":true,"href":"https:\/\/zonaroja.com.mx\/index.php?rest_route=%2Fwp%2Fv2%2Ftags&post=75257"}],"curies":[{"name":"wp","href":"https:\/\/api.w.org\/{rel}","templated":true}]}}