{"id":7526,"date":"2020-01-10T17:19:31","date_gmt":"2020-01-10T23:19:31","guid":{"rendered":"http:\/\/www.zonaroja.com.mx\/?p=7526"},"modified":"2020-01-10T17:20:15","modified_gmt":"2020-01-10T23:20:15","slug":"vive-el-istmo-una-jornada-caotica-con-diversos-bloqueos","status":"publish","type":"post","link":"https:\/\/zonaroja.com.mx\/?p=7526","title":{"rendered":"Vive el Istmo una jornada ca\u00f3tica con diversos bloqueos"},"content":{"rendered":"\n<p>Redacci\u00f3n\/Zona Roja<\/p>\n\n\n\n<p>Oaxaca de Ju\u00e1rez, Oax., 10 de enero\nde 2020.- \u201cEstamos inconformes, no queremos \u2018huachicoleros\u2019 de presidente\nmunicipal, fuera Dorian\u201d. Eso han reiterado habitantes de Santiago Astata, que\nanoche de nueva cuenta iniciaron su protesta con la \u201ctoma\u201d del palacio\nmunicipal.<\/p>\n\n\n\n<p>As\u00ed hicieron evidente, como desde\nhace ya varios d\u00edas, su inconformidad con la elecci\u00f3n de Dorian Ric\u00e1rdez, a\nquien no s\u00f3lo acusan de realizar actividades il\u00edcitas con los hidrocarburos,\nsino&nbsp; tambi\u00e9n de querer privatizar las playas\nde la localidad.<\/p>\n\n\n\n<p>Reunidos en el Palacio Municipal\ndecenas de personas, muchas de ellas adultas mayores, hicieron el llamado al\npresidente de la Rep\u00fablica, Andr\u00e9s Manuel L\u00f3pez Obrador, para que intervenga y\nde soluci\u00f3n a la problem\u00e1tica, de lo contrario amenazaron con iniciar una serie\nde bloqueos en la regi\u00f3n.<\/p>\n\n\n\n<p>Desde inicios de mes se hizo evidente\nla inconformidad de las y los pobladores quienes tomaron las instalaciones de\nla administraci\u00f3n municipal as\u00ed como han bloqueado el tramo carretero Salina\nCruz-Huatulco a la altura de la poblaci\u00f3n, situaci\u00f3n que ha provocado serias\ncomplicaciones viales en la zona.<\/p>\n\n\n\n<p>Esta movilizaci\u00f3n no es la \u00fanica en\nla zona, ya que desde temprana hora de este viernes se anunciaron por lo menos\notros tres cortes carreteros en las tres principales acceso al municipio de\nUni\u00f3n Hidalgo y que conectan con las localidades de Juchit\u00e1n, La Venta y&nbsp; Chicapa de Castro.<\/p>\n\n\n\n<p>Aunque hasta el momento no existe\ndeclaraci\u00f3n en torno a la movilizaci\u00f3n, a trav\u00e9s de las redes sociales se\ninform\u00f3 que se trata de transportistas de la zona en manifestaci\u00f3n por el\nincumplimiento del trabajo de revestimiento asf\u00e1ltico a los caminos carreteros\nque comunican a la poblaci\u00f3n y que se encuentran en muy malas condiciones.<\/p>\n\n\n\n<p>Desde ayer integrantes del Frente\n\u00fanico de Taxistas Juchitecos filial a la Uni\u00f3n de Colonias Populares (UCP)\nacordaron emplazar al Gobierno del Estado para que cumpla con los acuerdos\npactados, incluida la reparaci\u00f3n de la carretera estatal Juchit\u00e1n-Uni\u00f3n\nHidalgo, demanda que han hecho evidente desde hace m\u00e1s de dos meses cuando\ntambi\u00e9n instalaron un bloqueo en la zona.<\/p>\n\n\n\n<p>Los trabajadores del volante se han\nquejado p\u00fablicamente de que las malas condiciones de las carreteras causan\nestragos en los veh\u00edculos de transporte p\u00fablico, lo cual reduce\nconsiderablemente su ingreso familiar, raz\u00f3n por la que decidieron reanudar su\nprotesta ya que los trabajos de rehabilitaci\u00f3n debieron iniciar desde diciembre\npasado, conforme a los acuerdos con las autoridades.<\/p>\n","protected":false},"excerpt":{"rendered":"<p>Redacci\u00f3n\/Zona Roja Oaxaca de Ju\u00e1rez, Oax., 10 de enero de 2020.- \u201cEstamos inconformes, no queremos&hellip;<\/p>\n","protected":false},"author":2,"featured_media":7432,"comment_status":"closed","ping_status":"open","sticky":false,"template":"","format":"standard","meta":{"_lmt_disableupdate":"","_lmt_disable":"","_jetpack_memberships_contains_paid_content":false,"footnotes":""},"categories":[109,47],"tags":[1254],"class_list":["post-7526","post","type-post","status-publish","format-standard","has-post-thumbnail","hentry","category-minuto-a-minuto","category-zona-gris","tag-santiago-astata"],"jetpack_featured_media_url":"https:\/\/zonaroja.com.mx\/wp-content\/uploads\/2020\/01\/Santiago-Astata.jpg","jetpack_sharing_enabled":true,"_links":{"self":[{"href":"https:\/\/zonaroja.com.mx\/index.php?rest_route=\/wp\/v2\/posts\/7526","targetHints":{"allow":["GET"]}}],"collection":[{"href":"https:\/\/zonaroja.com.mx\/index.php?rest_route=\/wp\/v2\/posts"}],"about":[{"href":"https:\/\/zonaroja.com.mx\/index.php?rest_route=\/wp\/v2\/types\/post"}],"author":[{"embeddable":true,"href":"https:\/\/zonaroja.com.mx\/index.php?rest_route=\/wp\/v2\/users\/2"}],"replies":[{"embeddable":true,"href":"https:\/\/zonaroja.com.mx\/index.php?rest_route=%2Fwp%2Fv2%2Fcomments&post=7526"}],"version-history":[{"count":1,"href":"https:\/\/zonaroja.com.mx\/index.php?rest_route=\/wp\/v2\/posts\/7526\/revisions"}],"predecessor-version":[{"id":7527,"href":"https:\/\/zonaroja.com.mx\/index.php?rest_route=\/wp\/v2\/posts\/7526\/revisions\/7527"}],"wp:featuredmedia":[{"embeddable":true,"href":"https:\/\/zonaroja.com.mx\/index.php?rest_route=\/wp\/v2\/media\/7432"}],"wp:attachment":[{"href":"https:\/\/zonaroja.com.mx\/index.php?rest_route=%2Fwp%2Fv2%2Fmedia&parent=7526"}],"wp:term":[{"taxonomy":"category","embeddable":true,"href":"https:\/\/zonaroja.com.mx\/index.php?rest_route=%2Fwp%2Fv2%2Fcategories&post=7526"},{"taxonomy":"post_tag","embeddable":true,"href":"https:\/\/zonaroja.com.mx\/index.php?rest_route=%2Fwp%2Fv2%2Ftags&post=7526"}],"curies":[{"name":"wp","href":"https:\/\/api.w.org\/{rel}","templated":true}]}}