{"id":75262,"date":"2024-12-07T10:00:00","date_gmt":"2024-12-07T16:00:00","guid":{"rendered":"https:\/\/zonaroja.com.mx\/?p=75262"},"modified":"2024-12-07T07:21:28","modified_gmt":"2024-12-07T13:21:28","slug":"opinion-derechos-a-periodistas","status":"publish","type":"post","link":"https:\/\/zonaroja.com.mx\/?p=75262","title":{"rendered":"Opini\u00f3n. Derechos a periodistas"},"content":{"rendered":"\n<p>Soledad Jarqu\u00edn \u00c9dgar*\/SemM\u00e9xico.&nbsp;<\/p>\n\n\n\n<p>Precariedad laboral, falta de seguridad social y la inseguridad son los tres grandes problemas del ejercicio period\u00edstico en todo el pa\u00eds.&nbsp;&nbsp;<\/p>\n\n\n\n<p>La responsabilidad de las empresas period\u00edsticas ha sido hist\u00f3ricamente simulada. Reporteros, reporteras categorizadas como secretarias o capturistas para no reportar el ya de por s\u00ed insignificante sueldo que se paga por \u201creportear\u201d. En ese sentido las y los periodistas podemos contar muchas historias, como aquella en que un compa\u00f1ero llega con una apendicitis al IMSS y lo regresan a su casa porque la empresa para la que trabajaba lo hab\u00eda dado de baja meses atr\u00e1s. Lo terrible, contaba el compa\u00f1ero, era que a \u00e9l puntualmente la reconocida empresa period\u00edstica le descontaba el pago que evidentemente no era para IMSS.&nbsp;<\/p>\n\n\n\n<p>El periodismo tiene entre sus haberes un deber no escrito: dar todo por conseguir la nota, somos un gremio malpasado en horarios de comida y descansos, lo que gener\u00f3 que buen n\u00famero de compa\u00f1eros y compa\u00f1eras terminen con enfermedades cr\u00f3nicas sin los tratamientos m\u00e9dicos adecuados, eso sin contar los padecimientos mentales y emocionales de los que nadie quiere hablar.&nbsp;<\/p>\n\n\n\n<p>Ahora con d\u00e9cadas de servicio, pensar en el retiro es saber que no hay pensi\u00f3n, nos da \u201cel maquinazo\u201d como alguna vez escribi\u00f3 Elena Poniatowska y ah\u00ed nos llegar\u00e1 la muerte y el olvido.&nbsp;<\/p>\n\n\n\n<p>Hace varios a\u00f1os, muchos, cuando empez\u00e1bamos en esto escuch\u00e9 a Humberto Torres, compa\u00f1ero periodista, decir que \u00e9ramos algo as\u00ed como los \u201cabogados del diablo\u201d.&nbsp;&nbsp;<\/p>\n\n\n\n<p>Sin duda en este pa\u00eds nadie ha sido m\u00e1s castigado como las y los trabajadores en general, la parte patronal siempre encontr\u00f3 formas de \u201cenga\u00f1ar\u201d en sus reportes, hay ejemplos, pero en el caso del periodismo vivimos hechos concretos de corrupci\u00f3n entre empresarios e instituciones, unos que no cumpl\u00edan y otros que se hicieron de la vista gorda por temor a meterse con el \u201ccuarto poder\u201d, que aclaro no era, ni ha sido nunca de los periodistas sino de los empresarios.&nbsp;<\/p>\n\n\n\n<p>A petici\u00f3n de parte, es decir, despu\u00e9s de una queja, la Secretar\u00eda del Trabajo (en sus diversas vertientes como ha existido a lo largo de la historia) era y es la responsable de hacer cumplir la ley y con ello los derechos de las personas periodistas.&nbsp;<\/p>\n\n\n\n<p>Algo que nunca o casi nunca ocurri\u00f3. Por a\u00f1os esa dependencia fue una fachada solamente y el costo de esa corrupci\u00f3n est\u00e1 enterrada. Al IMSS tampoco se le vio interesado.&nbsp;<\/p>\n\n\n\n<p>Las tecnolog\u00edas cambiaron las formas. Ante la explotaci\u00f3n laboral, una gran cantidad de periodistas emigramos a los portales digitales y muchos y muchas decidieron crear sus propios espacios informativos on line.&nbsp;<\/p>\n\n\n\n<p>Son periodistas independientes porque no tienen un patr\u00f3n y es cierto muchos realizan contratos de publicaci\u00f3n de informaci\u00f3n gubernamental, casi la \u00fanica fuente de ingresos para los medios informativos hist\u00f3ricamente, con mecanismos no siempre transparentes, aunque cada vez m\u00e1s fiscalizada.&nbsp;<\/p>\n\n\n\n<p>Emulando la pol\u00edtica p\u00fablica que inicio el ex presidente de M\u00e9xico y que ratific\u00f3 la actual mandataria, recientemente en Oaxaca 73 periodistas independientes (es decir, sin patr\u00f3n), luego de algunos meses de gestiones, recibieron el beneficio de la seguridad social con su inscripci\u00f3n como beneficiarios de los servicios del IMSS y, a diferencia del programa federal, tambi\u00e9n podr\u00e1n obtener las prestaciones del Infonavit.&nbsp;<\/p>\n\n\n\n<p>Se trata de un acuerdo de suscripci\u00f3n social, un acuerdo pol\u00edtico entre el gobierno estatal y las y los periodistas independientes.&nbsp;&nbsp;<\/p>\n\n\n\n<p>Es importante decirlo, con su inscripci\u00f3n al IMSS a partir del 1 de diciembre se reconoce un derecho del que hab\u00edan sido excluidos, un derecho a la seguridad social que es un derecho humano, que no es otra cosa que una acci\u00f3n de pol\u00edtica p\u00fablica con beneficios para ambos.&nbsp;<\/p>\n\n\n\n<p>Creo que lo m\u00e1s importante de todo es que no se exige a los periodistas nada a cambio, esto no convierte a ning\u00fan informador en empleados del gobierno, ni se trata solo de periodistas \u201cafines a la 4T\u201d y el gobierno estatal no se convierte en su patr\u00f3n.&nbsp;&nbsp;<\/p>\n\n\n\n<p>Si alguien de adentro de la estructura de gobierno piensa que tendr\u00e1 empleados o que estos periodistas podr\u00e1n ser \u201ccontrolados\u201d echar\u00e1 por tierra este primer reconocimiento al periodismo independiente, que s\u00ed tiene derecho al bienestar social y para eso, quienes observan desde la orilla, tendr\u00e1n que entender que la seguridad social es un derecho humano y no una d\u00e1diva.&nbsp;&nbsp;<\/p>\n\n\n\n<p>Lo muy, pero muy cuestionable a la 4T oaxaque\u00f1a son esas malas copias que hacen del pasado mandatario mexicano, el gran maestro. AMLO ten\u00eda en su conferencia ma\u00f1anera su secci\u00f3n de \u201cQui\u00e9n es qui\u00e9n en las mentiras\u201d, que presentaba Ana Garc\u00eda Vilchis.&nbsp;<\/p>\n\n\n\n<p>Bueno don Salom\u00f3n Jara no puede sustraerse y tiene a su \u201cYesenia\u201d, sin apellidos o sea ni padre ni madre, que presenta \u201cTrapitos al sol\u201d, sobre notas falsas. Una especie de \u201cskech\u201d, por breve y c\u00f3mica, pero sobre todo de p\u00e9simo gusto, porque, aunque se refiera a un hecho concreto, la idea que siembra desacredita el ejercicio period\u00edstico, y revela de manera fundamental que tiene aversi\u00f3n a la cr\u00edtica.&nbsp;<\/p>\n\n\n\n<p>*Periodista y activista feminista.<\/p>\n","protected":false},"excerpt":{"rendered":"<p>Soledad Jarqu\u00edn \u00c9dgar*\/SemM\u00e9xico.&nbsp; Precariedad laboral, falta de seguridad social y la inseguridad son los tres&hellip;<\/p>\n","protected":false},"author":2,"featured_media":68029,"comment_status":"closed","ping_status":"open","sticky":false,"template":"","format":"standard","meta":{"_lmt_disableupdate":"","_lmt_disable":"","_jetpack_memberships_contains_paid_content":false,"footnotes":""},"categories":[456,109],"tags":[1105],"class_list":["post-75262","post","type-post","status-publish","format-standard","has-post-thumbnail","hentry","category-columna","category-minuto-a-minuto","tag-soledad-jarquin-edgar"],"jetpack_featured_media_url":"https:\/\/zonaroja.com.mx\/wp-content\/uploads\/2024\/05\/Soledad-Jarquin-Edgar.jpg","jetpack_sharing_enabled":true,"_links":{"self":[{"href":"https:\/\/zonaroja.com.mx\/index.php?rest_route=\/wp\/v2\/posts\/75262","targetHints":{"allow":["GET"]}}],"collection":[{"href":"https:\/\/zonaroja.com.mx\/index.php?rest_route=\/wp\/v2\/posts"}],"about":[{"href":"https:\/\/zonaroja.com.mx\/index.php?rest_route=\/wp\/v2\/types\/post"}],"author":[{"embeddable":true,"href":"https:\/\/zonaroja.com.mx\/index.php?rest_route=\/wp\/v2\/users\/2"}],"replies":[{"embeddable":true,"href":"https:\/\/zonaroja.com.mx\/index.php?rest_route=%2Fwp%2Fv2%2Fcomments&post=75262"}],"version-history":[{"count":1,"href":"https:\/\/zonaroja.com.mx\/index.php?rest_route=\/wp\/v2\/posts\/75262\/revisions"}],"predecessor-version":[{"id":75263,"href":"https:\/\/zonaroja.com.mx\/index.php?rest_route=\/wp\/v2\/posts\/75262\/revisions\/75263"}],"wp:featuredmedia":[{"embeddable":true,"href":"https:\/\/zonaroja.com.mx\/index.php?rest_route=\/wp\/v2\/media\/68029"}],"wp:attachment":[{"href":"https:\/\/zonaroja.com.mx\/index.php?rest_route=%2Fwp%2Fv2%2Fmedia&parent=75262"}],"wp:term":[{"taxonomy":"category","embeddable":true,"href":"https:\/\/zonaroja.com.mx\/index.php?rest_route=%2Fwp%2Fv2%2Fcategories&post=75262"},{"taxonomy":"post_tag","embeddable":true,"href":"https:\/\/zonaroja.com.mx\/index.php?rest_route=%2Fwp%2Fv2%2Ftags&post=75262"}],"curies":[{"name":"wp","href":"https:\/\/api.w.org\/{rel}","templated":true}]}}