{"id":75264,"date":"2024-12-07T10:50:00","date_gmt":"2024-12-07T16:50:00","guid":{"rendered":"https:\/\/zonaroja.com.mx\/?p=75264"},"modified":"2024-12-07T07:53:45","modified_gmt":"2024-12-07T13:53:45","slug":"con-300-obras-asegura-martinez-neri-que-se-va-satisfecho","status":"publish","type":"post","link":"https:\/\/zonaroja.com.mx\/?p=75264","title":{"rendered":"Con 300 obras, asegura Mart\u00ednez Neri que se va satisfecho"},"content":{"rendered":"\n<p>Raymundo Morales\/Zona Roja.<\/p>\n\n\n\n<p>Oaxaca de Ju\u00e1rez, Oax., a 7 de diciembre de 2024.- Con alrededor de 300 obras ejecutadas en los tres a\u00f1os, el presidente municipal de Oaxaca de Ju\u00e1rez, Francisco Mart\u00ednez Neri, asegura que termina su mandato con tranquilidad y satisfacci\u00f3n.<\/p>\n\n\n\n<p>\u201cMuy tranquilo, mucho trabajo, con muchas cosas que tambi\u00e9n ocurrieron en nuestro entorno; yo creo que si hubo algo fuerte que afrontar, fue lo econ\u00f3mico.<\/p>\n\n\n\n<p>\u201cPrimero una deuda muy grande, luego las pensiones que se vinieron al alza, luego la basura, que signific\u00f3 una situaci\u00f3n dif\u00edcil de afrontar, pero todos esos retos los afrontamos y la ciudad pudo estar en calma, con tranquilidad y con armon\u00eda\u201d, dijo.<\/p>\n\n\n\n<p>Entrevistado al t\u00e9rmino de la inauguraci\u00f3n de trabajos en el mercado \u201c20 de Noviembre\u201d, en el Centro Hist\u00f3rico, asegur\u00f3 adem\u00e1s que hay una entrega ordenada, pac\u00edfica y profesional de la administraci\u00f3n p\u00fablica municipal hacia las pr\u00f3ximas autoridades.<\/p>\n\n\n\n<p>-\u00bfQu\u00e9 le dir\u00eda a los capitalinos que le brindaron la oportunidad de trabajar?<\/p>\n\n\n\n<p>-Muy agradecido; por ejemplo este gran reto de separar la basura, fue una aportaci\u00f3n muy grande de la gente, yo estoy muy agradecido con la gente porque pudimos vencer ese reto y ser un ejemplo nacional.<\/p>\n\n\n\n<p>-\u00bfQu\u00e9 se espera de la pr\u00f3xima administraci\u00f3n?<\/p>\n\n\n\n<p>-Yo creo que tiene que hacer much\u00edsimas cosas, grandes, importantes, que todos esperamos. Afortunadamente ya no va a tener el problema de la basura, de otra naturaleza que nosotros enfrentamos; nosotros recibimos una deuda terrible y no vamos a dejar deudas\u2026 tendr\u00e1 la oportunidad, seguro, de hacer un buen papel.<\/p>\n\n\n\n<figure class=\"wp-block-embed is-type-rich is-provider-twitter wp-block-embed-twitter\"><div class=\"wp-block-embed__wrapper\">\n<div class=\"twitter-tweet\"><blockquote class=\"twitter-tweet\" data-lang=\"es\"><p lang=\"es\" dir=\"ltr\">Al menos 300 obra se ejecutaron en tres a\u00f1os en Oaxaca de Ju\u00e1rez, asegur\u00f3 el presidente municipal <a href=\"https:\/\/twitter.com\/FMartinezNeri?ref_src=twsrc%5Etfw\">@FMartinezNeri<\/a>.<br>Ello pese a imponderables financieros, como las deudas, la crisis de la basura y el pago de las pensiones. <br>En entrevista colectiva, asegur\u00f3 que se va tranquilo y\u2026 <a href=\"https:\/\/t.co\/hJUcNWgU9G\">pic.twitter.com\/hJUcNWgU9G<\/a><\/p>&mdash; Zona Roja Oaxaca (@ZonaRoja_Oaxaca) <a href=\"https:\/\/twitter.com\/ZonaRoja_Oaxaca\/status\/1865208967216910785?ref_src=twsrc%5Etfw\">7 de diciembre de 2024<\/a><\/blockquote><\/div>\n<\/div><\/figure>\n\n\n\n<p>INAUGURA OBRAS<\/p>\n\n\n\n<p>La ma\u00f1ana de ayer, el ayuntamiento de Oaxaca de Ju\u00e1rez, a trav\u00e9s de la Secretar\u00eda de Obras P\u00fablicas y Desarrollo Urbano llev\u00f3 a cabo la entrega oficial de las obras de rehabilitaci\u00f3n del emblem\u00e1tico mercado \u201c20 de Noviembre\u201d, reafirmando su compromiso con la conservaci\u00f3n del patrimonio cultural y el fortalecimiento de la econom\u00eda local.<\/p>\n\n\n\n<p>El acto estuvo encabezado por el presidente municipal, Francisco Mart\u00ednez Neri, acompa\u00f1ado de la presidenta honoraria del DIF Municipal, Bernarda Gonz\u00e1lez Rivas y la titular de la Secretar\u00eda de Obras P\u00fablicas y Desarrollo Urbano, Denisse Aranda Valencia, entre otros l\u00edderes y funcionarios municipales.<\/p>\n\n\n\n<p>Es as\u00ed que se llev\u00f3 a cabo la develaci\u00f3n de la placa conmemorativa en el ic\u00f3nico Pasillo del Humo o Pasillo de Carnes Asadas, un recorrido de verificaci\u00f3n de obra, destacando la rehabilitaci\u00f3n de la fachada del mercado y el Pasillo de la Soledad, as\u00ed como tambi\u00e9n la entrega oficial del Dictamen Estructural de Suelo Profundo.<\/p>\n\n\n\n<p>Desde principios de a\u00f1o, se acord\u00f3 con los locatarios la realizaci\u00f3n de un dictamen estructural que incluyera un estudio de suelo profundo. Este an\u00e1lisis permiti\u00f3 evaluar el estado de la zona administrativa y desarrollar propuestas para una obra p\u00fablica que garantice la seguridad y funcionalidad del mercado.<\/p>\n\n\n\n<p>Por ello, el Ayuntamiento prioriz\u00f3 la realizaci\u00f3n del documento t\u00e9cnico que servir\u00e1 como base para futuros proyectos arquitect\u00f3nicos y garantizar\u00e1 la seguridad de los espacios.<\/p>\n\n\n\n<p>\u201cEl documento es extenso y presenta una visi\u00f3n estructural profunda sobre el estado del \u00e1rea administrativa del mercado. Este ser\u00e1 un cimiento para futuros proyectos arquitect\u00f3nicos. Es crucial que cualquier infraestructura que se realice aqu\u00ed se base en un conocimiento t\u00e9cnico s\u00f3lido\u201d, explic\u00f3 Francisco Mart\u00ednez Neri durante su intervenci\u00f3n.<\/p>\n\n\n\n<p>Las intervenciones clave para mejorar tanto la funcionalidad como la seguridad del mercado son:<\/p>\n\n\n\n<p>Rehabilitaci\u00f3n de la marquesina, atendiendo el deterioro estructural para evitar riesgos.<\/p>\n\n\n\n<p>Instalaci\u00f3n de toldos abatibles en los locales para mejorar la comodidad de locatarios y visitantes.<\/p>\n\n\n\n<p>Remozamiento, aplanado y pintura de las instalaciones, generando un espacio digno y atractivo.<\/p>\n\n\n\n<p>Remodelaci\u00f3n del Pasillo de Carnes Asadas, mejorando la ventilaci\u00f3n y reduciendo la acumulaci\u00f3n de humo.<\/p>\n\n\n\n<p>Mejora de la fachada del mercado, optimizando tanto su apariencia como la seguridad del lugar.<\/p>\n\n\n\n<p>\u201cLa rehabilitaci\u00f3n de este mercado es una muestra del compromiso del municipio con la riqueza gastron\u00f3mica y cultural que nos representa. Estas acciones mejoran no solo la imagen del mercado, sino tambi\u00e9n las condiciones de quienes aqu\u00ed laboran y quienes nos visitan\u201d, destac\u00f3 Denisse Aranda Valencia, titular de la Secretar\u00eda de Obras P\u00fablicas y Desarrollo Urbano.<\/p>\n\n\n\n<p>Cabe destacar que, los locatarios del mercado expresaron su agradecimiento y reconocimiento al arduo trabajo de la administraci\u00f3n municipal. \u201cHoy vemos los resultados de un esfuerzo conjunto. Con un avance de m\u00e1s del 70%, seguimos encaminados a mejorar nuestro mercado, que no solo es nuestro sustento, sino tambi\u00e9n un legado familiar.&nbsp;<\/p>\n\n\n\n<p>El Mercado 20 de Noviembre, conocido por su ambiente tradicional y su riqueza culinaria, seguir\u00e1 consolid\u00e1ndose como un espacio de encuentro y de identidad &nbsp;oaxaque\u00f1a &nbsp;gracias a estas importantes acciones de preservaci\u00f3n y modernizaci\u00f3n.<\/p>\n\n\n\n<p>Con esta entrega, la administraci\u00f3n de Francisco Mart\u00ednez Neri reafirma su compromiso con la rehabilitaci\u00f3n de los mercados p\u00fablicos, reconociendo su papel fundamental en la actividad econ\u00f3mica y la vida social de la ciudad, y tambi\u00e9n constituye un legado de infraestructura, seguridad y cuidado del patrimonio.<\/p>\n","protected":false},"excerpt":{"rendered":"<p>Raymundo Morales\/Zona Roja. Oaxaca de Ju\u00e1rez, Oax., a 7 de diciembre de 2024.- Con alrededor&hellip;<\/p>\n","protected":false},"author":2,"featured_media":75265,"comment_status":"closed","ping_status":"open","sticky":false,"template":"","format":"standard","meta":{"_lmt_disableupdate":"","_lmt_disable":"","_jetpack_memberships_contains_paid_content":false,"footnotes":""},"categories":[109,46],"tags":[2418],"class_list":["post-75264","post","type-post","status-publish","format-standard","has-post-thumbnail","hentry","category-minuto-a-minuto","category-zona-blanca","tag-francisco-martinez-neri"],"jetpack_featured_media_url":"https:\/\/zonaroja.com.mx\/wp-content\/uploads\/2024\/12\/Martinez-Neri-obras-20-de-Noviembre.jpeg","jetpack_sharing_enabled":true,"_links":{"self":[{"href":"https:\/\/zonaroja.com.mx\/index.php?rest_route=\/wp\/v2\/posts\/75264","targetHints":{"allow":["GET"]}}],"collection":[{"href":"https:\/\/zonaroja.com.mx\/index.php?rest_route=\/wp\/v2\/posts"}],"about":[{"href":"https:\/\/zonaroja.com.mx\/index.php?rest_route=\/wp\/v2\/types\/post"}],"author":[{"embeddable":true,"href":"https:\/\/zonaroja.com.mx\/index.php?rest_route=\/wp\/v2\/users\/2"}],"replies":[{"embeddable":true,"href":"https:\/\/zonaroja.com.mx\/index.php?rest_route=%2Fwp%2Fv2%2Fcomments&post=75264"}],"version-history":[{"count":1,"href":"https:\/\/zonaroja.com.mx\/index.php?rest_route=\/wp\/v2\/posts\/75264\/revisions"}],"predecessor-version":[{"id":75266,"href":"https:\/\/zonaroja.com.mx\/index.php?rest_route=\/wp\/v2\/posts\/75264\/revisions\/75266"}],"wp:featuredmedia":[{"embeddable":true,"href":"https:\/\/zonaroja.com.mx\/index.php?rest_route=\/wp\/v2\/media\/75265"}],"wp:attachment":[{"href":"https:\/\/zonaroja.com.mx\/index.php?rest_route=%2Fwp%2Fv2%2Fmedia&parent=75264"}],"wp:term":[{"taxonomy":"category","embeddable":true,"href":"https:\/\/zonaroja.com.mx\/index.php?rest_route=%2Fwp%2Fv2%2Fcategories&post=75264"},{"taxonomy":"post_tag","embeddable":true,"href":"https:\/\/zonaroja.com.mx\/index.php?rest_route=%2Fwp%2Fv2%2Ftags&post=75264"}],"curies":[{"name":"wp","href":"https:\/\/api.w.org\/{rel}","templated":true}]}}