{"id":75267,"date":"2024-12-07T11:55:00","date_gmt":"2024-12-07T17:55:00","guid":{"rendered":"https:\/\/zonaroja.com.mx\/?p=75267"},"modified":"2024-12-07T07:59:53","modified_gmt":"2024-12-07T13:59:53","slug":"realizan-en-el-congreso-primer-foro-sobre-reforma-al-poder-judicial","status":"publish","type":"post","link":"https:\/\/zonaroja.com.mx\/?p=75267","title":{"rendered":"Realizan en el Congreso primer foro sobre reforma al Poder Judicial"},"content":{"rendered":"\n<p>Redacci\u00f3n\/Zona Roja.<\/p>\n\n\n\n<p>Oaxaca de Ju\u00e1rez, Oax., a 7 de diciembre de 2024.- Con el objetivo de analizar, abrir el debate y estudiar la iniciativa de transformar al Poder Judicial, se llev\u00f3 a cabo el primer foro: Reforma al Poder Judicial y los retos para su armonizaci\u00f3n en el Estado, coordinado por el Instituto Flores Mag\u00f3n del Congreso de Oaxaca.&nbsp;<\/p>\n\n\n\n<p>En esta actividad que reuni\u00f3 a diputadas, diputados, la academia, profesionales de la abogac\u00eda y funcionariado p\u00fablico estatal, cont\u00f3 con la presencia de personas expertas en la materia, quienes dieron a conocer y pusieron a discusi\u00f3n de manera general los cambios en su estructura org\u00e1nica en aras de enriquecer y mejorar este documento y con ello, materializar una de las principales demandas de la poblaci\u00f3n en esta materia: la justicia pronta y expedita.&nbsp;<\/p>\n\n\n\n<p>La directora del Instituto Flores Mag\u00f3n, Liz Hern\u00e1ndez Matus, se\u00f1al\u00f3 que este planteamiento retoma principios democr\u00e1ticos de la Constituci\u00f3n de 1857, como la elecci\u00f3n ciudadana de los integrantes judiciales, y reafirm\u00f3 el compromiso del Instituto como aliado estrat\u00e9gico del Poder Legislativo en el an\u00e1lisis y debate de reformas de impacto estatal y nacional.<\/p>\n\n\n\n<p>Al participar como ponente, el consejero Jur\u00eddico y Asistente Legal del Gobierno Estatal, Geovany V\u00e1squez Sagrero dio a conocer los aspectos claves de la misma, entre los que destacan: la reducci\u00f3n de magistraturas, la elecci\u00f3n popular de las y los juzgadores oaxaque\u00f1os, el acercamiento de la justicia a las comunidades con la creaci\u00f3n de salas regionales mixtas, salarios no mayores al del Gobernador, supresi\u00f3n de la jubilaci\u00f3n, as\u00ed como la renovaci\u00f3n peri\u00f3dica de jueces y juezas, principalmente.&nbsp;<\/p>\n\n\n\n<p>El funcionario p\u00fablico sostuvo que esta propuesta es perfectible \u201clo que queremos es que se nutra y tambi\u00e9n dejar en claro que no se trastocan los derechos de las y los trabajadores de este \u00f3rgano\u201d.&nbsp;<\/p>\n\n\n\n<p>Por su parte, el presidente de la Barra de Abogados \u201cCarlos Santiago Nino\u201d, Rodolfo Moreno Cruz, hizo el comparativo de las dos teor\u00edas que han regido el mundo jur\u00eddico y que han estado en pugna permanente: la Elitista del Poder Judicial, en la cual este \u00f3rgano tiene la \u00faltima decisi\u00f3n en los valores morales y pol\u00edticos; y la del Modelo Deliberativo, en donde las y los juzgadores son iguales que cualquier otra persona, y en ello es en lo que se basa la propuesta en cuesti\u00f3n.&nbsp;<\/p>\n\n\n\n<p>Tambi\u00e9n intervinieron el investigador del Instituto Flores Mag\u00f3n, Ad\u00e1n C\u00f3rdova Trujillo, y el magistrado Francisco Mart\u00ednez S\u00e1nchez, quienes externaron la importancia de transformar este Poder en aras de reconstruirlo para lograr el bienestar colectivo, y que haya calidad en la impartici\u00f3n de la justicia.<\/p>\n\n\n\n<p>Por su parte, la diputada Analy Peral Vivar, presidenta de la Comisi\u00f3n Permanente de Administraci\u00f3n y Procuraci\u00f3n de Justicia, subray\u00f3 que dicha reforma debe garantizar la paridad de g\u00e9nero, la representaci\u00f3n ind\u00edgena y protecci\u00f3n a los derechos de las v\u00edctimas.&nbsp;<\/p>\n\n\n\n<p>Para finalizar, el presidente de la Junta Local de Coordinaci\u00f3n Pol\u00edtica (Jucopo), Benjam\u00edn Viveros Montalvo puntualiz\u00f3 que se tiene una deuda muy grande con el pueblo de Oaxaca, por ello, se ha impulsado la democratizaci\u00f3n de las instituciones.&nbsp;<\/p>\n\n\n\n<p>Inform\u00f3 que, como parte de la socializaci\u00f3n y revisi\u00f3n profunda a la multicitada iniciativa, se continuar\u00e1n efectuando foros y mesas de trabajo.&nbsp;<\/p>\n\n\n\n<p>Se cont\u00f3 con la asistencia de las y los congresistas de los Grupos Parlamentarios de: Morena, Partido del Trabajo, Movimiento Ciudadano, Partido Verde Ecologista de M\u00e9xico, Grupo Plural y Fuerza por Oaxaca.&nbsp;<\/p>\n","protected":false},"excerpt":{"rendered":"<p>Redacci\u00f3n\/Zona Roja. Oaxaca de Ju\u00e1rez, Oax., a 7 de diciembre de 2024.- Con el objetivo&hellip;<\/p>\n","protected":false},"author":2,"featured_media":75268,"comment_status":"closed","ping_status":"open","sticky":false,"template":"","format":"standard","meta":{"_lmt_disableupdate":"","_lmt_disable":"","_jetpack_memberships_contains_paid_content":false,"footnotes":""},"categories":[109,46],"tags":[214],"class_list":["post-75267","post","type-post","status-publish","format-standard","has-post-thumbnail","hentry","category-minuto-a-minuto","category-zona-blanca","tag-congreso-del-estado"],"jetpack_featured_media_url":"https:\/\/zonaroja.com.mx\/wp-content\/uploads\/2024\/12\/Foro-sobre-la-Reforma-al-Poder-Judicial_1.jpeg","jetpack_sharing_enabled":true,"_links":{"self":[{"href":"https:\/\/zonaroja.com.mx\/index.php?rest_route=\/wp\/v2\/posts\/75267","targetHints":{"allow":["GET"]}}],"collection":[{"href":"https:\/\/zonaroja.com.mx\/index.php?rest_route=\/wp\/v2\/posts"}],"about":[{"href":"https:\/\/zonaroja.com.mx\/index.php?rest_route=\/wp\/v2\/types\/post"}],"author":[{"embeddable":true,"href":"https:\/\/zonaroja.com.mx\/index.php?rest_route=\/wp\/v2\/users\/2"}],"replies":[{"embeddable":true,"href":"https:\/\/zonaroja.com.mx\/index.php?rest_route=%2Fwp%2Fv2%2Fcomments&post=75267"}],"version-history":[{"count":1,"href":"https:\/\/zonaroja.com.mx\/index.php?rest_route=\/wp\/v2\/posts\/75267\/revisions"}],"predecessor-version":[{"id":75269,"href":"https:\/\/zonaroja.com.mx\/index.php?rest_route=\/wp\/v2\/posts\/75267\/revisions\/75269"}],"wp:featuredmedia":[{"embeddable":true,"href":"https:\/\/zonaroja.com.mx\/index.php?rest_route=\/wp\/v2\/media\/75268"}],"wp:attachment":[{"href":"https:\/\/zonaroja.com.mx\/index.php?rest_route=%2Fwp%2Fv2%2Fmedia&parent=75267"}],"wp:term":[{"taxonomy":"category","embeddable":true,"href":"https:\/\/zonaroja.com.mx\/index.php?rest_route=%2Fwp%2Fv2%2Fcategories&post=75267"},{"taxonomy":"post_tag","embeddable":true,"href":"https:\/\/zonaroja.com.mx\/index.php?rest_route=%2Fwp%2Fv2%2Ftags&post=75267"}],"curies":[{"name":"wp","href":"https:\/\/api.w.org\/{rel}","templated":true}]}}