{"id":75270,"date":"2024-12-07T13:04:00","date_gmt":"2024-12-07T19:04:00","guid":{"rendered":"https:\/\/zonaroja.com.mx\/?p=75270"},"modified":"2024-12-07T08:06:11","modified_gmt":"2024-12-07T14:06:11","slug":"ocho-de-13-ninos-muertos-en-edomex-tenian-la-bacteria-klebsiella-oxytoca","status":"publish","type":"post","link":"https:\/\/zonaroja.com.mx\/?p=75270","title":{"rendered":"Ocho de 13 ni\u00f1os muertos en Edomex ten\u00edan la bacteria Klebsiella oxytoca"},"content":{"rendered":"\n<p>Redacci\u00f3n\/Zona Roja Cdmx.<\/p>\n\n\n\n<p>Ciudad de M\u00e9xico, a 7 de diciembre de 2024.- La Secretar\u00eda de Salud del Estado de M\u00e9xico dio a conocer ayer que de los 13 fallecimientos de menores presuntamente relacionados con la infecci\u00f3n del torrente sangu\u00edneo (ITS) por la bacteria Klebsiella oxytoca \u2013posiblemente provocada por contaminaci\u00f3n de nutrici\u00f3n parenteral o de los insumos para su aplicaci\u00f3n\u2013 ocho corresponden a casos confirmados, uno ha sido descartado y cuatro est\u00e1n clasificados como probables.<\/p>\n\n\n\n<p>Detall\u00f3 que los pacientes que murieron ten\u00edan comorbilidades y\/o enfermedades asociadas propias de su nacimiento, por lo que precis\u00f3 que todos los casos est\u00e1n en proceso de dictaminaci\u00f3n a fin de establecer si tienen como causa de defunci\u00f3n la ITS por Klebsiella oxytoca.<\/p>\n\n\n\n<p>En tanto, en su conferencia matutina, la presidenta Claudia Sheinbaum Pardo dio a conocer que la Comisi\u00f3n Federal para la Protecci\u00f3n contra Riesgos Sanitarios (Cofepris) suspendi\u00f3 a la empresa SAFE, por esta situaci\u00f3n.<\/p>\n\n\n\n<p>\u201cEs muy triste que haya ocurrido esto. El objetivo primero es atender a las familias y se est\u00e1 investigando la causa de estos fallecimientos que se dieron, no s\u00f3lo en un hospital, sino en varios por una bacteria.\u201d<\/p>\n\n\n\n<p>Dijo que \u201cde inmediato se pidi\u00f3 la suspensi\u00f3n del contrato de la empresa y el registro que ten\u00edan de este alimento que se da a los peque\u00f1itos, a los beb\u00e9s, la mayor\u00eda son prematuros, nacieron antes de las 40 semanas\u201d.<\/p>\n\n\n\n<p>En la denominada \u201cma\u00f1anera del pueblo\u201d, Sheinbaum Pardo indic\u00f3 que adem\u00e1s \u201cse est\u00e1n haciendo los estudios de cultivos para saber la causa. Y personalmente est\u00e1 el secretario de Salud (David Kershenobich) investigando y, por supuesto, vamos a dar informaci\u00f3n\u201d.<\/p>\n\n\n\n<p>Por su parte, a trav\u00e9s de un video difundido en redes sociales, la titular de la Secretar\u00eda de Salud mexiquense, Macarena Montoya Olvera, afirm\u00f3 que la situaci\u00f3n est\u00e1 controlada y se tienen identificadas las cuatro unidades m\u00e9dicas (tres estatales y una privada) en las que se detect\u00f3 el brote, donde hasta ayer no se hab\u00eda registrado ning\u00fan caso nuevo.<\/p>\n\n\n\n<p>La dependencia explic\u00f3, en un comunicado, que se implementaron acciones preventivas inmediatas dirigidas a la contenci\u00f3n sanitaria, por lo que se reforz\u00f3 la capacitaci\u00f3n a 3 mil trabajadores de la salud en temas prioritarios como la higiene de manos, protocolos de ingreso a unidades de cuidados intensivos, procesos de limpieza y desinfecci\u00f3n.<\/p>\n\n\n\n<p>Asimismo, indic\u00f3, mantiene la coordinaci\u00f3n permanente con su homologa federal, a trav\u00e9s de la Direcci\u00f3n General de Epidemiolog\u00eda (DGE), para que, en caso de sospecha de un nuevo infectado, se canalice al Laboratorio Estatal de Salud P\u00fablica y al Instituto de Diagn\u00f3stico y Referencia Epidemiol\u00f3gicos.<\/p>\n\n\n\n<p>Asimismo, destac\u00f3 que, como parte de las acciones inmediatas, se brinda atenci\u00f3n y acompa\u00f1amiento sicoemocional permanente a los familiares de los pacientes y por otra parte llam\u00f3 a la poblaci\u00f3n a informarse a trav\u00e9s de medios oficiales para evitar confusiones.<\/p>\n\n\n\n<p>El jueves, la DGE de la Secretar\u00eda de Salud federal refiri\u00f3 que se reportaron 20 casos identificados con esta infecci\u00f3n, en un rango de edad que va de menos de uno a 14 a\u00f1os de edad, de los cuales hab\u00eda 13 defunciones en las que se investigaba la causa de las mismas.<\/p>\n\n\n\n<p>Adem\u00e1s, puntualiz\u00f3 que siete pacientes se encuentran hospitalizados y reciben atenci\u00f3n m\u00e9dica continua y oportuna por parte de los servicios de salud del estado de M\u00e9xico.<\/p>\n\n\n\n<p>(Informaci\u00f3n de \u201cLa Jornada\u201d)<\/p>\n","protected":false},"excerpt":{"rendered":"<p>Redacci\u00f3n\/Zona Roja Cdmx. Ciudad de M\u00e9xico, a 7 de diciembre de 2024.- La Secretar\u00eda de&hellip;<\/p>\n","protected":false},"author":2,"featured_media":75271,"comment_status":"closed","ping_status":"open","sticky":false,"template":"","format":"standard","meta":{"_lmt_disableupdate":"","_lmt_disable":"","_jetpack_memberships_contains_paid_content":false,"footnotes":""},"categories":[109,47],"tags":[],"class_list":["post-75270","post","type-post","status-publish","format-standard","has-post-thumbnail","hentry","category-minuto-a-minuto","category-zona-gris"],"jetpack_featured_media_url":"https:\/\/zonaroja.com.mx\/wp-content\/uploads\/2024\/12\/klebsiella-oxytoca-que-es-sintomas_0.webp","jetpack_sharing_enabled":true,"_links":{"self":[{"href":"https:\/\/zonaroja.com.mx\/index.php?rest_route=\/wp\/v2\/posts\/75270","targetHints":{"allow":["GET"]}}],"collection":[{"href":"https:\/\/zonaroja.com.mx\/index.php?rest_route=\/wp\/v2\/posts"}],"about":[{"href":"https:\/\/zonaroja.com.mx\/index.php?rest_route=\/wp\/v2\/types\/post"}],"author":[{"embeddable":true,"href":"https:\/\/zonaroja.com.mx\/index.php?rest_route=\/wp\/v2\/users\/2"}],"replies":[{"embeddable":true,"href":"https:\/\/zonaroja.com.mx\/index.php?rest_route=%2Fwp%2Fv2%2Fcomments&post=75270"}],"version-history":[{"count":1,"href":"https:\/\/zonaroja.com.mx\/index.php?rest_route=\/wp\/v2\/posts\/75270\/revisions"}],"predecessor-version":[{"id":75272,"href":"https:\/\/zonaroja.com.mx\/index.php?rest_route=\/wp\/v2\/posts\/75270\/revisions\/75272"}],"wp:featuredmedia":[{"embeddable":true,"href":"https:\/\/zonaroja.com.mx\/index.php?rest_route=\/wp\/v2\/media\/75271"}],"wp:attachment":[{"href":"https:\/\/zonaroja.com.mx\/index.php?rest_route=%2Fwp%2Fv2%2Fmedia&parent=75270"}],"wp:term":[{"taxonomy":"category","embeddable":true,"href":"https:\/\/zonaroja.com.mx\/index.php?rest_route=%2Fwp%2Fv2%2Fcategories&post=75270"},{"taxonomy":"post_tag","embeddable":true,"href":"https:\/\/zonaroja.com.mx\/index.php?rest_route=%2Fwp%2Fv2%2Ftags&post=75270"}],"curies":[{"name":"wp","href":"https:\/\/api.w.org\/{rel}","templated":true}]}}