{"id":7528,"date":"2020-01-10T19:09:05","date_gmt":"2020-01-11T01:09:05","guid":{"rendered":"http:\/\/www.zonaroja.com.mx\/?p=7528"},"modified":"2020-01-10T19:09:08","modified_gmt":"2020-01-11T01:09:08","slug":"se-van-maestros-de-la-s-22-padres-pediran-su-cambio-por-abandonar-ninez","status":"publish","type":"post","link":"https:\/\/zonaroja.com.mx\/?p=7528","title":{"rendered":"Se van maestros de la S-22; padres pedir\u00e1n su cambio por abandonar ni\u00f1ez"},"content":{"rendered":"\n<p>Evlin Arag\u00f3n\/Zona Roja.<\/p>\n\n\n\n<p>Oaxaca de Ju\u00e1rez, Oax., <\/p>\n\n\n\n<p>\u201cAqu\u00ed no termina la jornada de lucha,\nla revoluci\u00f3n va a continuar\u201d fueron las palabras en el mitin pol\u00edtico con el\nque se concluyeron las 72 horas de paro de labores de integrantes de la Secci\u00f3n\n22 de la Sindicato Nacional de Trabajadores de la Educaci\u00f3n (SNTE), adscritos\nal nivel de Educaci\u00f3n Ind\u00edgena. <\/p>\n\n\n\n<p>El \u201cplant\u00f3n\u201d en el z\u00f3calo de Oaxaca\nlleg\u00f3 a su fin este viernes al mediod\u00eda, no sin antes realizar una marcha desde\nla fuente de la O Regiones al Centro Hist\u00f3rico.<\/p>\n\n\n\n<p>En tanto, a trav\u00e9s de un documento,\npadres de familia de comunidades marginadas, anunciaron que pedir\u00e1n al\nPresidente Andr\u00e9s Manuel L\u00f3pez Obrador y a la Secretar\u00eda de Educaci\u00f3n P\u00fablica,\nel cese o cambio de maestros paristas.<\/p>\n\n\n\n<p>Lo anterior por abandonar a la ni\u00f1ez\nind\u00edgena, no solamente durante los tres \u00faltimos d\u00edas, en que adem\u00e1s no\niniciaron el ciclo escolar, sino que desde diciembre pasado en que iniciaron\nsus movilizaciones.<\/p>\n\n\n\n<p>REPLIEGAN Y VALORAN<\/p>\n\n\n\n<p>Durante la marcha de este d\u00eda, uno de\nlos representantes del grupo de maestros inform\u00f3 que se retiran sin respuestas\nsatisfactorias, situaci\u00f3n que dijo ser\u00e1 valorado en la Asamblea Estatal para\nreplantear las acciones a realizar como medida de presi\u00f3n para que sean\natendidas las diferentes problem\u00e1ticas a las que se enfrenta hoy en d\u00eda la\neducaci\u00f3n en zonas ind\u00edgenas. <\/p>\n\n\n\n<p>Explic\u00f3 que centros escolares en las\nlocalidades de Santiago Amoltepec, San Agust\u00edn Loxicha y Santiago Jamiltepec,\nson los m\u00e1s afectados, ya que a la fecha no cuenta con personal docente que guie\nla educaci\u00f3n de las ni\u00f1as y ni\u00f1os en la zonas rurales.<\/p>\n\n\n\n<p>Mientras que en el mitin que se llev\u00f3\na cabo en el z\u00f3calo de la ciudad, Efr\u00e9n Franco L\u00f3pez L\u00f3pez, secretario de\nTrabajos y Conflictos, de la gremial denunci\u00f3 las amenazas sufridas luego de\nlas movilizaciones que realizaron en las \u00faltimas horas a la par que insistieron\nen el reconocimiento de la Direcci\u00f3n General de Educaci\u00f3n de los Pueblos\nOriginarios de Oaxaca (DGEPOO, como principal demanda, la cual es respaldada\npor la base y dirigencia magisterial.<\/p>\n\n\n\n<p>L\u00f3pez L\u00f3pez record\u00f3 que existen incidencias\nque deben ser atendidas y que se vienen arrastrando previo al \u201cdecretazo\u201d de\nGabino Cu\u00e9 Monteagudo, en perjuicio de los m\u00e1s de 14 mil trabajadores y\ntrabajadoras de educaci\u00f3n ind\u00edgena quienes no descartan un paro de labores\nindefinido en caso de continuar la cerraz\u00f3n por parte de las autoridades\nestatal. <\/p>\n\n\n\n<p>En este sentido detall\u00f3 queda\npendiente la atenci\u00f3n puntual a los 259 albergues escolares que necesitan\ninversi\u00f3n urgente en beneficio de cientos de ni\u00f1as y ni\u00f1os de muy escasos\nrecursos, que no cuentan con otra opci\u00f3n para estudiar.<\/p>\n\n\n\n<p>Finalmente indic\u00f3 que s\u00f3lo el\nCongreso local escuch\u00f3 sus demandas por lo que sostendr\u00e1n un encuentro con\ndiputadas y diputado el pr\u00f3ximo 30 de enero, d\u00eda en el que tambi\u00e9n se tienen\nprogramadas movilizaciones para dar cobertura a la reuni\u00f3n. <\/p>\n\n\n\n<p>Ah\u00ed pretenden explicar que tras la\nentrada en vigor de la Reforma Educativa de Enrique Pe\u00f1a Nieto, el nivel de\nEducaci\u00f3n Ind\u00edgena desapareci\u00f3 de la estructura institucional, no as\u00ed de las\nbases del gremio magisterial por lo que ahora buscan su reconocimiento de nueva\ncuenta a fin de permitir el funcionamiento de 130 escuelas que a la fecha se\nencuentran sin personal docente. <\/p>\n","protected":false},"excerpt":{"rendered":"<p>Evlin Arag\u00f3n\/Zona Roja. Oaxaca de Ju\u00e1rez, Oax., \u201cAqu\u00ed no termina la jornada de lucha, la&hellip;<\/p>\n","protected":false},"author":2,"featured_media":7529,"comment_status":"closed","ping_status":"open","sticky":false,"template":"","format":"standard","meta":{"_lmt_disableupdate":"","_lmt_disable":"","_jetpack_memberships_contains_paid_content":false,"footnotes":""},"categories":[109,47],"tags":[312],"class_list":["post-7528","post","type-post","status-publish","format-standard","has-post-thumbnail","hentry","category-minuto-a-minuto","category-zona-gris","tag-seccion-22-del-snte"],"jetpack_featured_media_url":"https:\/\/zonaroja.com.mx\/wp-content\/uploads\/2020\/01\/plant\u00f3n-maestros-1.jpg","jetpack_sharing_enabled":true,"_links":{"self":[{"href":"https:\/\/zonaroja.com.mx\/index.php?rest_route=\/wp\/v2\/posts\/7528","targetHints":{"allow":["GET"]}}],"collection":[{"href":"https:\/\/zonaroja.com.mx\/index.php?rest_route=\/wp\/v2\/posts"}],"about":[{"href":"https:\/\/zonaroja.com.mx\/index.php?rest_route=\/wp\/v2\/types\/post"}],"author":[{"embeddable":true,"href":"https:\/\/zonaroja.com.mx\/index.php?rest_route=\/wp\/v2\/users\/2"}],"replies":[{"embeddable":true,"href":"https:\/\/zonaroja.com.mx\/index.php?rest_route=%2Fwp%2Fv2%2Fcomments&post=7528"}],"version-history":[{"count":1,"href":"https:\/\/zonaroja.com.mx\/index.php?rest_route=\/wp\/v2\/posts\/7528\/revisions"}],"predecessor-version":[{"id":7530,"href":"https:\/\/zonaroja.com.mx\/index.php?rest_route=\/wp\/v2\/posts\/7528\/revisions\/7530"}],"wp:featuredmedia":[{"embeddable":true,"href":"https:\/\/zonaroja.com.mx\/index.php?rest_route=\/wp\/v2\/media\/7529"}],"wp:attachment":[{"href":"https:\/\/zonaroja.com.mx\/index.php?rest_route=%2Fwp%2Fv2%2Fmedia&parent=7528"}],"wp:term":[{"taxonomy":"category","embeddable":true,"href":"https:\/\/zonaroja.com.mx\/index.php?rest_route=%2Fwp%2Fv2%2Fcategories&post=7528"},{"taxonomy":"post_tag","embeddable":true,"href":"https:\/\/zonaroja.com.mx\/index.php?rest_route=%2Fwp%2Fv2%2Ftags&post=7528"}],"curies":[{"name":"wp","href":"https:\/\/api.w.org\/{rel}","templated":true}]}}