{"id":75285,"date":"2024-12-08T07:37:00","date_gmt":"2024-12-08T13:37:00","guid":{"rendered":"https:\/\/zonaroja.com.mx\/?p=75285"},"modified":"2024-12-08T07:18:42","modified_gmt":"2024-12-08T13:18:42","slug":"mata-a-su-pareja-y-luego-se-quita-la-vida-en-san-antonio-de-la-cal","status":"publish","type":"post","link":"https:\/\/zonaroja.com.mx\/?p=75285","title":{"rendered":"Mata a su pareja y luego se quita la vida, en San Antonio de la Cal"},"content":{"rendered":"\n<p>Raymundo Morales\/Zona Roja.<\/p>\n\n\n\n<p>Oaxaca de Ju\u00e1rez, Oax., a 8 de diciembre de 2024.- En Oaxaca, un individuo asesin\u00f3 con disparos de arma de fuego a su pareja y tras ello se quit\u00f3 la vida.<\/p>\n\n\n\n<p>Ocurri\u00f3 anoche alrededor de las 19:00 horas en la agencia de La Experimental, perteneciente al municipio de San Antonio de la Cal, en la zona metropolitana de la capital del estado.<\/p>\n\n\n\n<p>De acuerdo con los reportes de los vecinos, desde la calle se escuchaban los gritos de la discusi\u00f3n y tras ello la detonaci\u00f3n de un arma de fuego.&nbsp;<\/p>\n\n\n\n<p>Tras la llamada de auxilio, corporaciones policiacas y personal de la Agencia Estatal de Investigaciones (AEI) \u2014que tiene su sede a escasas cuadras del lugar de los hechos\u2014 arribaron y corroboraron la existencia de dos cuerpos sin vida, de un hombre y una mujer, hasta ahora no identificados.<\/p>\n\n\n\n<p>En el caso de la femenina, la Fiscal\u00eda General del Estado de Oaxaca indaga el caso bajo los protocolos de feminicidio.<\/p>\n\n\n\n<p>EN JAMILTEPEC<\/p>\n\n\n\n<p>Por otra parte, este s\u00e1bado tambi\u00e9n en la comunidad de El Charquito, perteneciente al municipio de Santiago Jamiltepec, regi\u00f3n Costa, un individuo que asesinado a balazos.<\/p>\n\n\n\n<p>De manera preliminar se informo que la v\u00edctima fue identificada como Alberto F. A., de 48 a\u00f1os de edad y hasta el momento se desconocen las causas por las cuales lo privaron de la vida.<\/p>\n\n\n\n<p>Peritos y agentes investigadores de la Vicefiscal\u00eda Regional de la Costa iniciaron las labores periciales correspondientes, a fin de dar con el o los responsables del crimen.<\/p>\n","protected":false},"excerpt":{"rendered":"<p>Raymundo Morales\/Zona Roja. Oaxaca de Ju\u00e1rez, Oax., a 8 de diciembre de 2024.- En Oaxaca,&hellip;<\/p>\n","protected":false},"author":2,"featured_media":75286,"comment_status":"closed","ping_status":"open","sticky":false,"template":"","format":"standard","meta":{"_lmt_disableupdate":"","_lmt_disable":"","_jetpack_memberships_contains_paid_content":false,"footnotes":""},"categories":[109,51],"tags":[875],"class_list":["post-75285","post","type-post","status-publish","format-standard","has-post-thumbnail","hentry","category-minuto-a-minuto","category-zona-roja","tag-san-antonio-de-la-cal"],"jetpack_featured_media_url":"https:\/\/zonaroja.com.mx\/wp-content\/uploads\/2024\/12\/Mujer-asesinada-en-San-Antonio-de-la-Cal.jpg","jetpack_sharing_enabled":true,"_links":{"self":[{"href":"https:\/\/zonaroja.com.mx\/index.php?rest_route=\/wp\/v2\/posts\/75285","targetHints":{"allow":["GET"]}}],"collection":[{"href":"https:\/\/zonaroja.com.mx\/index.php?rest_route=\/wp\/v2\/posts"}],"about":[{"href":"https:\/\/zonaroja.com.mx\/index.php?rest_route=\/wp\/v2\/types\/post"}],"author":[{"embeddable":true,"href":"https:\/\/zonaroja.com.mx\/index.php?rest_route=\/wp\/v2\/users\/2"}],"replies":[{"embeddable":true,"href":"https:\/\/zonaroja.com.mx\/index.php?rest_route=%2Fwp%2Fv2%2Fcomments&post=75285"}],"version-history":[{"count":1,"href":"https:\/\/zonaroja.com.mx\/index.php?rest_route=\/wp\/v2\/posts\/75285\/revisions"}],"predecessor-version":[{"id":75287,"href":"https:\/\/zonaroja.com.mx\/index.php?rest_route=\/wp\/v2\/posts\/75285\/revisions\/75287"}],"wp:featuredmedia":[{"embeddable":true,"href":"https:\/\/zonaroja.com.mx\/index.php?rest_route=\/wp\/v2\/media\/75286"}],"wp:attachment":[{"href":"https:\/\/zonaroja.com.mx\/index.php?rest_route=%2Fwp%2Fv2%2Fmedia&parent=75285"}],"wp:term":[{"taxonomy":"category","embeddable":true,"href":"https:\/\/zonaroja.com.mx\/index.php?rest_route=%2Fwp%2Fv2%2Fcategories&post=75285"},{"taxonomy":"post_tag","embeddable":true,"href":"https:\/\/zonaroja.com.mx\/index.php?rest_route=%2Fwp%2Fv2%2Ftags&post=75285"}],"curies":[{"name":"wp","href":"https:\/\/api.w.org\/{rel}","templated":true}]}}