{"id":75293,"date":"2024-12-08T11:00:00","date_gmt":"2024-12-08T17:00:00","guid":{"rendered":"https:\/\/zonaroja.com.mx\/?p=75293"},"modified":"2024-12-08T07:25:07","modified_gmt":"2024-12-08T13:25:07","slug":"invita-dif-oaxaca-al-festival-navideno-en-el-parque-primavera","status":"publish","type":"post","link":"https:\/\/zonaroja.com.mx\/?p=75293","title":{"rendered":"Invita DIF Oaxaca al Festival Navide\u00f1o en el Parque Primavera\u00a0"},"content":{"rendered":"\n<p>Redacci\u00f3n\/Zona Roja.<\/p>\n\n\n\n<p>Oaxaca de Ju\u00e1rez, Oax., a 7 de diciembre de 2024.- El fuerte viento de esta temporada ha anunciado la llegada de m\u00e1gicas celebraciones que se vivir\u00e1n en el Festival Navide\u00f1o con un m\u00faltiples de actividades recreativas, culturales, art\u00edsticas y gastron\u00f3micas que tienen lugar en el parque \u201cPrimavera Oaxaque\u00f1a Cho Ndob\u00e1\u201d, del 4 de diciembre de 2024 al 7 de enero del 2025, de 12:00 a 22:00 horas.&nbsp;<\/p>\n\n\n\n<p>Momentos m\u00e1gicos de sue\u00f1os y esperanzas vivir\u00e1n las ni\u00f1as, ni\u00f1os y adolescentes en compa\u00f1\u00eda de sus seres queridos al ingresar al Pueblo m\u00e1gico oaxaque\u00f1o, Posada de los sabores, Diverti Ruta y Diverti Navidad, Cinema Gob, as\u00ed como a talleres culturales y art\u00edsticos que ofrecer\u00e1 el Sistema para el Desarrollo Integral de la Familia (DIF) Oaxaca en este espacio p\u00fablico.&nbsp;<\/p>\n\n\n\n<p>El Festival m\u00e1gico oaxaque\u00f1o ofrecer\u00e1 a las personas asistentes un majestuoso escenario navide\u00f1o, con inflables, caniqueros, el trenecito, el acceso al \u00e1rbol navide\u00f1o y el regalo gigante para la diversi\u00f3n de ni\u00f1as y ni\u00f1os que fortalecer\u00e1n los lazos con su familia, amigas y amigos.<\/p>\n\n\n\n<p>En el Recinto Ferial estar\u00e1 establecida la Posada de los sabores en un horario de 12:00 a 22:00 horas y contar\u00e1 con 22 stands en donde degustar\u00e1n inigualables platillos y bebidas alusivas a la temporada, que ser\u00e1n acompa\u00f1adas de conciertos, bailables, y dem\u00e1s actividades que se ofrecer\u00e1n en el escenario cultural.&nbsp;<\/p>\n\n\n\n<p>Con una edici\u00f3n especial, este 8 de diciembre la DivertiRuta ofrecer\u00e1 juegos inclusivos en beneficio de las personas con discapacidad a trav\u00e9s del programa La inclusi\u00f3n te incluye, para sensibilizar a la sociedad, fomentar la empat\u00eda, socializaci\u00f3n e integraci\u00f3n social.&nbsp;<\/p>\n\n\n\n<p>En la DivertiNavidad, la ni\u00f1ez y adolescencia disfrutar\u00e1n de diversos talleres alusivos a esta \u00e9poca en donde la magia y alegr\u00eda estar\u00e1n presentes en todo momento para finalmente culminar con una tradicional posada, para fomentar entre la ciudadan\u00eda la importancia de la reuni\u00f3n con sus seres queridos.&nbsp;<\/p>\n\n\n\n<p>Asimismo, las y los oaxaque\u00f1os tendr\u00e1n un acercamiento con el s\u00e9ptimo arte a trav\u00e9s del Cine Gob, encargado de proyectar pel\u00edculas de manera gratuita para el disfrute de las y los asistentes.&nbsp;<\/p>\n\n\n\n<p>Quienes deseen conocer los horarios de los talleres culturales y art\u00edsticos de su inter\u00e9s, pueden consultar las cuentas de redes sociales oficiales del Sistema DIF Oaxaca en las plataformas Facebook, Instagram y X.&nbsp;<\/p>\n","protected":false},"excerpt":{"rendered":"<p>Redacci\u00f3n\/Zona Roja. Oaxaca de Ju\u00e1rez, Oax., a 7 de diciembre de 2024.- El fuerte viento&hellip;<\/p>\n","protected":false},"author":2,"featured_media":75294,"comment_status":"closed","ping_status":"open","sticky":false,"template":"","format":"standard","meta":{"_lmt_disableupdate":"","_lmt_disable":"","_jetpack_memberships_contains_paid_content":false,"footnotes":""},"categories":[109,46],"tags":[841],"class_list":["post-75293","post","type-post","status-publish","format-standard","has-post-thumbnail","hentry","category-minuto-a-minuto","category-zona-blanca","tag-dif-oaxaca"],"jetpack_featured_media_url":"https:\/\/zonaroja.com.mx\/wp-content\/uploads\/2024\/12\/Parque-primavera-DIF-navidad.jpeg","jetpack_sharing_enabled":true,"_links":{"self":[{"href":"https:\/\/zonaroja.com.mx\/index.php?rest_route=\/wp\/v2\/posts\/75293","targetHints":{"allow":["GET"]}}],"collection":[{"href":"https:\/\/zonaroja.com.mx\/index.php?rest_route=\/wp\/v2\/posts"}],"about":[{"href":"https:\/\/zonaroja.com.mx\/index.php?rest_route=\/wp\/v2\/types\/post"}],"author":[{"embeddable":true,"href":"https:\/\/zonaroja.com.mx\/index.php?rest_route=\/wp\/v2\/users\/2"}],"replies":[{"embeddable":true,"href":"https:\/\/zonaroja.com.mx\/index.php?rest_route=%2Fwp%2Fv2%2Fcomments&post=75293"}],"version-history":[{"count":1,"href":"https:\/\/zonaroja.com.mx\/index.php?rest_route=\/wp\/v2\/posts\/75293\/revisions"}],"predecessor-version":[{"id":75295,"href":"https:\/\/zonaroja.com.mx\/index.php?rest_route=\/wp\/v2\/posts\/75293\/revisions\/75295"}],"wp:featuredmedia":[{"embeddable":true,"href":"https:\/\/zonaroja.com.mx\/index.php?rest_route=\/wp\/v2\/media\/75294"}],"wp:attachment":[{"href":"https:\/\/zonaroja.com.mx\/index.php?rest_route=%2Fwp%2Fv2%2Fmedia&parent=75293"}],"wp:term":[{"taxonomy":"category","embeddable":true,"href":"https:\/\/zonaroja.com.mx\/index.php?rest_route=%2Fwp%2Fv2%2Fcategories&post=75293"},{"taxonomy":"post_tag","embeddable":true,"href":"https:\/\/zonaroja.com.mx\/index.php?rest_route=%2Fwp%2Fv2%2Ftags&post=75293"}],"curies":[{"name":"wp","href":"https:\/\/api.w.org\/{rel}","templated":true}]}}