{"id":75300,"date":"2024-12-08T13:28:00","date_gmt":"2024-12-08T19:28:00","guid":{"rendered":"https:\/\/zonaroja.com.mx\/?p=75300"},"modified":"2024-12-08T07:29:41","modified_gmt":"2024-12-08T13:29:41","slug":"opinion-carta-para-mi-hija-citlali-lizeth-lopez-vazquez","status":"publish","type":"post","link":"https:\/\/zonaroja.com.mx\/?p=75300","title":{"rendered":"Opini\u00f3n. Carta para mi hija:\u00a0Citlali Lizeth L\u00f3pez V\u00e1zquez"},"content":{"rendered":"\n<p>Ver\u00f3nica Villalvazo (Frida Guerrera)<\/p>\n\n\n\n<p>Citlali Lizeth L\u00f3pez V\u00e1zquez.&nbsp;Naci\u00f3 el d\u00eda del eclipse total, el 11 de junio de 1991, por ello sus padres le pusieron Citlali. Desde que naci\u00f3 era una ni\u00f1a muy amable, muy sociable. A todo el mundo le hablaba y saludaba. Originarios de San Mateo&nbsp;Chiltepec, Acolman, Estado de M\u00e9xico. Jos\u00e9 Alberto y Lourdes, sus padres, la recuerdan siempre llena de sonrisas.&nbsp;<\/p>\n\n\n\n<p>El 14 de agosto de 2016, la joven madre le hizo saber a su mam\u00e1 que saldr\u00eda con No\u00e9&nbsp;(amigo de toda la vida)&nbsp;a tomar una cerveza. Dieron las siete de la noche y Lul\u00fa le llam\u00f3 para ver d\u00f3nde estaba. Ella le contest\u00f3 que ya iba de regreso, que no se preocupara. \u201cHabl\u00e9 con ella tres veces m\u00e1s, la cuarta ya no me contest\u00f3\u00bb.&nbsp;&nbsp;<\/p>\n\n\n\n<p>Lourdes refiere que pens\u00f3 que tal vez se hab\u00eda ido a trabajar y no le pudo avisar. En el trabajo no pod\u00eda usar el celular.&nbsp; Al ver que no llegaba, los padres preocupados intentaron poner la denuncia por la desaparici\u00f3n de su hija. Las autoridades de Acolman se las negaron, s\u00f3lo les dec\u00edan que la buscaran con sus amistades, que seguro andaba por ah\u00ed.&nbsp;<\/p>\n\n\n\n<p>Pas\u00f3 toda la semana. Lourdes estaba al fin en Tec\u00e1mac, Estado de M\u00e9xico, concretando la denuncia; era 19 de agosto. Estando en la Fiscal\u00eda, llamaron de Acolman para notificar que hab\u00edan reportado el hallazgo del cuerpo de una mujer en el camino a Ocopulco, en&nbsp;Chiltepec.&nbsp;&nbsp;<\/p>\n\n\n\n<p>Cuando le coment\u00f3 la Ministerio P\u00fablico, la madre le hizo saber que estaba muy cerca de su domicilio; le mostraron unas fotos. As\u00ed fue como supo que ese cuerpo era el de su&nbsp;hija.&nbsp;<\/p>\n\n\n\n<p>La orden de aprehensi\u00f3n por el feminicidio contra Jonathan Alexis, quien fue la \u00faltima persona con quien se le vio a Citlali, fue emitida 4 a\u00f1os despu\u00e9s en&nbsp;octubre de 2020. Ricardo y el equipo especial de la Fiscal\u00eda la ejecutaron el 13 de octubre de 2021.<\/p>\n\n\n\n<p>&nbsp;Despu\u00e9s de la incertidumbre durante cuatro a\u00f1os de saber si le har\u00edan&nbsp;justicia a su hija, soportar un juicio desgastante. Por fin despu\u00e9s de casi siete a\u00f1os, el 24 de mayo de 2023.&nbsp;Se dict\u00f3 sentencia de 62 a\u00f1os seis meses de prisi\u00f3n; a Jonathan Alexis Padilla Torres,&nbsp;por el feminicidio de Citlalli, quien dej\u00f3 dos peque\u00f1os en la orfandad, que hoy gritan por justicia y porque no se olvide el atroz crimen contra su mam\u00e1.<\/p>\n\n\n\n<p>Estas l\u00edneas fueron escritas por su pap\u00e1 Alberto Jos\u00e9 y sus dos peque\u00f1os hijos, que hoy, saben qu\u00e9 fue lo que realmente sucedi\u00f3 a su mami. El fr\u00edo de estos d\u00edas cala los huesos, tal cual viven, estas familias. La ausencia, cala el alma, el pecho se ha quedado vac\u00edo en ese lugar del coraz\u00f3n, s\u00f3lo existe la esperanza de volverlas a ver:<\/p>\n\n\n\n<p>\u201cYa son ocho a\u00f1os que no est\u00e1s con la familia. Es como si fuera hoy,&nbsp;nos haces mucha falta, ya no es lo mismo. T\u00fa eras la que empezaba a preparar los cumplea\u00f1os.&nbsp;<\/p>\n\n\n\n<p>\u201cTe extra\u00f1o, platicar contigo, tu sonrisa, comer, pasar las tardes todos juntos. Pero ya no est\u00e1s, a pesar de que ya son muchos a\u00f1os, sin ti, s\u00f3lo recuerdo tus risas, tus pl\u00e1ticas.<\/p>\n\n\n\n<p>\u201cEsperarte cuando sal\u00edas&nbsp;de trabajar.&nbsp;Solamente yo s\u00e9 c\u00f3mo me siento,&nbsp;triste porque ya no est\u00e1s con nosotros, pero sabes, hija Citlali Lizeth, ya tus hijos est\u00e1n creciendo muy r\u00e1pido.&nbsp;<\/p>\n\n\n\n<p>\u201cTe extra\u00f1amos mucho, pero estamos para ellos yo, tu mam\u00e1, tu hermano.<br>Eras la alegr\u00eda de la casa.&nbsp;Pero un d\u00eda se aparece un malnacido que te hizo tanto da\u00f1o, es porque no tiene coraz\u00f3n. Duele mucho tu partida, siempre vives en nuestros corazones, quisiera que esto fuera mentira, pero es mi triste realidad, no te puedo abrazar, no te veo, pienso que vas a volver.Que en mis sue\u00f1os bajar\u00e1s un ratito para verte, abrazarte.&nbsp;&nbsp;En lugar de festejarte&nbsp;tu cumplea\u00f1os, tenemos que llevar flores a&nbsp;tu tumba,&nbsp;tu ausencia. Duele mucho, le pido a Dios que est\u00e9s con \u00e9l, que nos cuide a todos.<\/p>\n\n\n\n<p>\u201cNavidad sin ti, te queremos mucho, abrazos hasta el cielo. Liz, mi ni\u00f1a hermosa, alg\u00fan d\u00eda estaremos juntos. Te amo para siempre\u201d.<\/p>\n\n\n\n<p>Alberto Jos\u00e9, pap\u00e1 de Citlali Lizeth.<br>*****<br>\u201cHola, mami, sabes que \u00e9ramos peque\u00f1os y no sab\u00edamos lo que pas\u00f3 contigo, mami Citlali&nbsp;Lizeth. Te extra\u00f1amos mucho. Nos haces mucha falta. Sabes que un d\u00eda nos volveremos a ver los cuatro y que&nbsp;t\u00fa est\u00e1s durmiendo, y en nuestros sue\u00f1os te abrazamos,&nbsp;y que nos cuidas&nbsp;desde donde est\u00e9s. Te mandamos miles y millones de besos y abrazos\u201d.<\/p>\n\n\n\n<p>Tus hijos Mar\u00eda Fernanda&nbsp;y Miguel \u00c1ngel.&nbsp;<\/p>\n\n\n\n<p>*****&nbsp;<\/p>\n\n\n\n<p>Eres madre, padre, hermana, hermano, hija, hijo, de una mujer v\u00edctima de feminicidio, desaparici\u00f3n, o intento de feminicidio: b\u00fascame, ay\u00fadame a visualizarlas y contar su historia. Voces de la Ausencia.<\/p>\n\n\n\n<p>P.D. Cada uno de los textos expuestos en este espacio, son con autorizaci\u00f3n y acompa\u00f1amiento de las v\u00edctimas. Porque solo somos la extensi\u00f3n de su grito de justicia.<\/p>\n\n\n\n<p>@FridaGuerrera<\/p>\n\n\n\n<p>@vocesDLAusencia<\/p>\n","protected":false},"excerpt":{"rendered":"<p>Ver\u00f3nica Villalvazo (Frida Guerrera) Citlali Lizeth L\u00f3pez V\u00e1zquez.&nbsp;Naci\u00f3 el d\u00eda del eclipse total, el 11&hellip;<\/p>\n","protected":false},"author":2,"featured_media":69816,"comment_status":"closed","ping_status":"open","sticky":false,"template":"","format":"standard","meta":{"_lmt_disableupdate":"","_lmt_disable":"","_jetpack_memberships_contains_paid_content":false,"footnotes":""},"categories":[456,109],"tags":[1377],"class_list":["post-75300","post","type-post","status-publish","format-standard","has-post-thumbnail","hentry","category-columna","category-minuto-a-minuto","tag-frida-guerrera-villalvazo"],"jetpack_featured_media_url":"https:\/\/zonaroja.com.mx\/wp-content\/uploads\/2024\/06\/Frida-Guerrera-Veronica-Villalvazo.jpg","jetpack_sharing_enabled":true,"_links":{"self":[{"href":"https:\/\/zonaroja.com.mx\/index.php?rest_route=\/wp\/v2\/posts\/75300","targetHints":{"allow":["GET"]}}],"collection":[{"href":"https:\/\/zonaroja.com.mx\/index.php?rest_route=\/wp\/v2\/posts"}],"about":[{"href":"https:\/\/zonaroja.com.mx\/index.php?rest_route=\/wp\/v2\/types\/post"}],"author":[{"embeddable":true,"href":"https:\/\/zonaroja.com.mx\/index.php?rest_route=\/wp\/v2\/users\/2"}],"replies":[{"embeddable":true,"href":"https:\/\/zonaroja.com.mx\/index.php?rest_route=%2Fwp%2Fv2%2Fcomments&post=75300"}],"version-history":[{"count":1,"href":"https:\/\/zonaroja.com.mx\/index.php?rest_route=\/wp\/v2\/posts\/75300\/revisions"}],"predecessor-version":[{"id":75301,"href":"https:\/\/zonaroja.com.mx\/index.php?rest_route=\/wp\/v2\/posts\/75300\/revisions\/75301"}],"wp:featuredmedia":[{"embeddable":true,"href":"https:\/\/zonaroja.com.mx\/index.php?rest_route=\/wp\/v2\/media\/69816"}],"wp:attachment":[{"href":"https:\/\/zonaroja.com.mx\/index.php?rest_route=%2Fwp%2Fv2%2Fmedia&parent=75300"}],"wp:term":[{"taxonomy":"category","embeddable":true,"href":"https:\/\/zonaroja.com.mx\/index.php?rest_route=%2Fwp%2Fv2%2Fcategories&post=75300"},{"taxonomy":"post_tag","embeddable":true,"href":"https:\/\/zonaroja.com.mx\/index.php?rest_route=%2Fwp%2Fv2%2Ftags&post=75300"}],"curies":[{"name":"wp","href":"https:\/\/api.w.org\/{rel}","templated":true}]}}