{"id":7531,"date":"2020-01-10T19:47:58","date_gmt":"2020-01-11T01:47:58","guid":{"rendered":"http:\/\/www.zonaroja.com.mx\/?p=7531"},"modified":"2020-01-10T19:48:01","modified_gmt":"2020-01-11T01:48:01","slug":"anuncia-sindicato-independiente-del-imss-jornada-de-protesta","status":"publish","type":"post","link":"https:\/\/zonaroja.com.mx\/?p=7531","title":{"rendered":"Anuncia Sindicato Independiente del IMSS jornada de protesta"},"content":{"rendered":"\n<p>Yuridiana Sosa\/Zona Roja.<\/p>\n\n\n\n<p>Oaxaca de Ju\u00e1rez, Oax., 10 de enero\nde 2020.- Integrantes del Sindicato Nacional Libre de Los Trabajadores Del\nSeguro Social (SNLTSS) en Oaxaca, llevar\u00e1n a cabo una jornada de protestas para\nexigir a la delegaci\u00f3n estatal del Instituto Mexicano del Seguro Social (IMSS) el\nreconocimiento de sus derechos.<\/p>\n\n\n\n<p>Las movilizaciones est\u00e1n programas\npara el pr\u00f3ximo 13 de enero, cuando inicien la \u201ctoma\u201d simb\u00f3lica de la\ndelegaci\u00f3n en la capital del estado, as\u00ed como de cl\u00ednicas y hospitales del IMSS\ndonde el sindicato tiene presencia, a partir de las 07:00 horas.<\/p>\n\n\n\n<p>Los sindicalizados de este nuevo\ngremio a nivel nacional, denunciaron la omisi\u00f3n para el reconocimiento de este\nsindicato por parte del delegado del IMSS en Oaxaca, Jorge Mart\u00ednez Torres, as\u00ed\ncomo de personal administrativo del \u00e1rea de prestaciones m\u00e9dicas.<\/p>\n\n\n\n<p>El SNLTSS cuenta con resoluciones\nemitidas en el juicio de amparo de n\u00famero 851\/2019, por el que reconoce\nlegalmente al sindicato.<\/p>\n\n\n\n<p>Durante la pr\u00f3xima manifestaci\u00f3n,\nanunciaron, dar\u00e1n a conocer las carencias en insumos que padecen los\ntrabajadores del servicio de salud, as\u00ed como las complicaciones que presentan\nante la falta de personal.<\/p>\n","protected":false},"excerpt":{"rendered":"<p>Yuridiana Sosa\/Zona Roja. Oaxaca de Ju\u00e1rez, Oax., 10 de enero de 2020.- Integrantes del Sindicato&hellip;<\/p>\n","protected":false},"author":2,"featured_media":7532,"comment_status":"closed","ping_status":"open","sticky":false,"template":"","format":"standard","meta":{"_lmt_disableupdate":"","_lmt_disable":"","_jetpack_memberships_contains_paid_content":false,"footnotes":""},"categories":[109,47],"tags":[1261,220],"class_list":["post-7531","post","type-post","status-publish","format-standard","has-post-thumbnail","hentry","category-minuto-a-minuto","category-zona-gris","tag-delegacion-del-imss-oaxaca","tag-sindicato-nacional-libre-de-los-trabajadores-del-seguro-social"],"jetpack_featured_media_url":"https:\/\/zonaroja.com.mx\/wp-content\/uploads\/2020\/01\/IMSS-Oaxaca.jpg","jetpack_sharing_enabled":true,"_links":{"self":[{"href":"https:\/\/zonaroja.com.mx\/index.php?rest_route=\/wp\/v2\/posts\/7531","targetHints":{"allow":["GET"]}}],"collection":[{"href":"https:\/\/zonaroja.com.mx\/index.php?rest_route=\/wp\/v2\/posts"}],"about":[{"href":"https:\/\/zonaroja.com.mx\/index.php?rest_route=\/wp\/v2\/types\/post"}],"author":[{"embeddable":true,"href":"https:\/\/zonaroja.com.mx\/index.php?rest_route=\/wp\/v2\/users\/2"}],"replies":[{"embeddable":true,"href":"https:\/\/zonaroja.com.mx\/index.php?rest_route=%2Fwp%2Fv2%2Fcomments&post=7531"}],"version-history":[{"count":1,"href":"https:\/\/zonaroja.com.mx\/index.php?rest_route=\/wp\/v2\/posts\/7531\/revisions"}],"predecessor-version":[{"id":7533,"href":"https:\/\/zonaroja.com.mx\/index.php?rest_route=\/wp\/v2\/posts\/7531\/revisions\/7533"}],"wp:featuredmedia":[{"embeddable":true,"href":"https:\/\/zonaroja.com.mx\/index.php?rest_route=\/wp\/v2\/media\/7532"}],"wp:attachment":[{"href":"https:\/\/zonaroja.com.mx\/index.php?rest_route=%2Fwp%2Fv2%2Fmedia&parent=7531"}],"wp:term":[{"taxonomy":"category","embeddable":true,"href":"https:\/\/zonaroja.com.mx\/index.php?rest_route=%2Fwp%2Fv2%2Fcategories&post=7531"},{"taxonomy":"post_tag","embeddable":true,"href":"https:\/\/zonaroja.com.mx\/index.php?rest_route=%2Fwp%2Fv2%2Ftags&post=7531"}],"curies":[{"name":"wp","href":"https:\/\/api.w.org\/{rel}","templated":true}]}}