{"id":75316,"date":"2024-12-09T08:20:00","date_gmt":"2024-12-09T14:20:00","guid":{"rendered":"https:\/\/zonaroja.com.mx\/?p=75316"},"modified":"2024-12-09T07:45:07","modified_gmt":"2024-12-09T13:45:07","slug":"galardonan-en-feria-internacional-del-libro-a-cartonista-oaxaqueno","status":"publish","type":"post","link":"https:\/\/zonaroja.com.mx\/?p=75316","title":{"rendered":"Galardonan en Feria Internacional del Libro a cartonista oaxaque\u00f1o"},"content":{"rendered":"\n<p>Redacci\u00f3n\/Zona Roja Cdmx.<\/p>\n\n\n\n<p>Ciudad de M\u00e9xico, a 9 de diciembre de 2024.- \u00abMantener la apuesta por la critica es necesario hoy y merece nuestro esfuerzo constante en aras del ideal m\u00e1s digno: la libertad\u00bb, dijo el artista&nbsp;Dar\u00edo Castillejos&nbsp;(Oaxaca, 1974), tras recibir el premio de caricatura La Catrina, durante la edici\u00f3n 2024 de la Feria Internacional del Libro de Guadalajara.&nbsp;<\/p>\n\n\n\n<p>Ante un panel conformado por Jos\u00e9 Trinidad Padilla L\u00f3pez, presidente de la FIL Guadalajara; Marisol Schulz, directora de la FIL Guadalajara; Francisco Javier Gonz\u00e1lez, rector del Centro Universitario de Arte, Arquitectura y Dise\u00f1o; y Eduardo Galindo Flores, coordinador del Encuentro Internacional de la Caricatura e Historieta, el artista oaxaque\u00f1o record\u00f3 la \u00abapuesta\u00bb que hizo de ni\u00f1o: \u00abSer\u00eda un dibujante\u00bb.&nbsp;<\/p>\n\n\n\n<p>\u00abTodo lo que so\u00f1aba y me era imposible realizar a corto plazo, se volv\u00eda realidad en mis cuadernos de dibujo. Todo dibujado se ve\u00eda mejor, incluso las situaciones dif\u00edciles en casa\u00bb, resalt\u00f3.<\/p>\n\n\n\n<p>Record\u00f3 que su padre quer\u00eda llevarlo por el camino de la abogac\u00eda, por eso tom\u00f3 a mal sus aspiraciones art\u00edsticas. \u00abNo apoyar\u00eda tal decisi\u00f3n porque eso equivaldr\u00eda a convertirme en un vagabundo, una persona infeliz. Su apuesta estaba sobre la mesa\u00bb.&nbsp;<\/p>\n\n\n\n<p>Contra el ideal paterno, Dar\u00edo traz\u00f3 su vida \u00abentre las l\u00edneas de los l\u00e1pices que hac\u00edan visibles mis utop\u00edas\u00bb.&nbsp;Naranjo y Rius fueron sus mentores y, aunque nunca pudo \u00abhacer de tripas coraz\u00f3n, s\u00ed pude hacer de trazos mi pasi\u00f3n\u00bb.<\/p>\n\n\n\n<p>Revel\u00f3 una ense\u00f1anza de Rius: \u00abEl oficio nos permite tener una especie de venganza contra todo lo que los pol\u00edticos le hacen al pueblo, pero de ninguna manera seremos nosotros los que cambiaremos la realidad del pa\u00eds. Nosotros apostamos contra el abuso del poder, nuestra causa es similar a la de aquel ingenioso hidalgo (Don Quijote)\u00bb.<\/p>\n\n\n\n<p>\u00abEn honor a la verdad, tengo que decir que hubo muchos momentos en los que pens\u00e9 retirarme de la mesa. Afortunadamente hubo quienes, tomando mi hombro, me dijeron con cari\u00f1o &#8216;A\u00fan no amigo, no es tiempo de levantarse&#8217;, y acerc\u00e1ndome las hojas me animaron a dibujar\u00bb.<\/p>\n\n\n\n<p>\u00bfQu\u00e9 ser\u00eda de Dar\u00edo si no fuera caricaturista? \u00abResponder\u00eda como alg\u00fan d\u00eda lo hizo Jos\u00e9 Clemente Orozco: so\u00f1ar\u00eda todos los d\u00edas con ser dibujante\u00bb.<\/p>\n\n\n\n<p>Conmovido, se dirigi\u00f3 a su pareja, presente en el Auditorio Juan Rulfo y quien en varias ocasiones sacrific\u00f3 su futuro profesional \u00aben aras de acompa\u00f1arme en este camino tan incierto\u00bb.<\/p>\n\n\n\n<p>\u00abLa felicidad es el esfuerzo constante en aras de un \u00eddeal digno&#8230; Amor, no nos ha ido tan mal\u00bb, solt\u00f3, desatando los aplausos de las decenas de asistentes que acudieron al homenaje.<\/p>\n\n\n\n<p>Previamente,&nbsp;Marisol Schulz se\u00f1al\u00f3 que La Catrina es \u00abuno de los premios m\u00e1s queridos\u00bb de la Feria porque exalta el trabajo de \u00abaquellas personas que desde el certero trazo de su mano se atreven a hablar de lo que otras personas prefieren callar\u00bb.<\/p>\n\n\n\n<p>La directora de la FIL Guadalajara repas\u00f3 la extensa carrera de Dar\u00edo, quien ha colaborado en medios&nbsp;como Le Monde y The New York Times, y&nbsp;actualmente es presidente de&nbsp;Cartonclub SA de CV: El club de la caricatura latina.&nbsp;<\/p>\n\n\n\n<p>\u00abQue tu pluma siga libre, sensible y llena de imaginaci\u00f3n para mantener este arte vivo e \u00edntegro\u00bb, le dijo Marisol al talentoso caricaturista oaxaque\u00f1o.<\/p>\n\n\n\n<p>Informaci\u00f3n de \u201cMilenio\u201d:<\/p>\n\n\n\n<figure class=\"wp-block-embed\"><div class=\"wp-block-embed__wrapper\">\nhttps:\/\/www.milenio.com\/cultura\/fil\/dario-castillejos-recibe-premio-catrina-fil-guadalajara?fbclid=IwY2xjawHDt-5leHRuA2FlbQIxMQABHaviN2BItK9qD8nAP5sX26D03CCiBaD1oVxIVCQuPonzFE-O6GGDJlPpfw_aem_AGr2quyLIvtEpYhg2Fe7FA\n<\/div><\/figure>\n","protected":false},"excerpt":{"rendered":"<p>Redacci\u00f3n\/Zona Roja Cdmx. Ciudad de M\u00e9xico, a 9 de diciembre de 2024.- \u00abMantener la apuesta&hellip;<\/p>\n","protected":false},"author":2,"featured_media":75317,"comment_status":"closed","ping_status":"open","sticky":false,"template":"","format":"standard","meta":{"_lmt_disableupdate":"","_lmt_disable":"","_jetpack_memberships_contains_paid_content":false,"footnotes":""},"categories":[109,46],"tags":[2185],"class_list":["post-75316","post","type-post","status-publish","format-standard","has-post-thumbnail","hentry","category-minuto-a-minuto","category-zona-blanca","tag-caricaturista-dario-castillejos"],"jetpack_featured_media_url":"https:\/\/zonaroja.com.mx\/wp-content\/uploads\/2024\/12\/Caricaturista-Dario-Castillejos.jpeg","jetpack_sharing_enabled":true,"_links":{"self":[{"href":"https:\/\/zonaroja.com.mx\/index.php?rest_route=\/wp\/v2\/posts\/75316","targetHints":{"allow":["GET"]}}],"collection":[{"href":"https:\/\/zonaroja.com.mx\/index.php?rest_route=\/wp\/v2\/posts"}],"about":[{"href":"https:\/\/zonaroja.com.mx\/index.php?rest_route=\/wp\/v2\/types\/post"}],"author":[{"embeddable":true,"href":"https:\/\/zonaroja.com.mx\/index.php?rest_route=\/wp\/v2\/users\/2"}],"replies":[{"embeddable":true,"href":"https:\/\/zonaroja.com.mx\/index.php?rest_route=%2Fwp%2Fv2%2Fcomments&post=75316"}],"version-history":[{"count":1,"href":"https:\/\/zonaroja.com.mx\/index.php?rest_route=\/wp\/v2\/posts\/75316\/revisions"}],"predecessor-version":[{"id":75318,"href":"https:\/\/zonaroja.com.mx\/index.php?rest_route=\/wp\/v2\/posts\/75316\/revisions\/75318"}],"wp:featuredmedia":[{"embeddable":true,"href":"https:\/\/zonaroja.com.mx\/index.php?rest_route=\/wp\/v2\/media\/75317"}],"wp:attachment":[{"href":"https:\/\/zonaroja.com.mx\/index.php?rest_route=%2Fwp%2Fv2%2Fmedia&parent=75316"}],"wp:term":[{"taxonomy":"category","embeddable":true,"href":"https:\/\/zonaroja.com.mx\/index.php?rest_route=%2Fwp%2Fv2%2Fcategories&post=75316"},{"taxonomy":"post_tag","embeddable":true,"href":"https:\/\/zonaroja.com.mx\/index.php?rest_route=%2Fwp%2Fv2%2Ftags&post=75316"}],"curies":[{"name":"wp","href":"https:\/\/api.w.org\/{rel}","templated":true}]}}