{"id":75332,"date":"2024-12-09T17:16:41","date_gmt":"2024-12-09T23:16:41","guid":{"rendered":"https:\/\/zonaroja.com.mx\/?p=75332"},"modified":"2024-12-09T17:16:41","modified_gmt":"2024-12-09T23:16:41","slug":"opinion-brecha-de-venta-de-plazas-en-gobierno-y-otras-historias","status":"publish","type":"post","link":"https:\/\/zonaroja.com.mx\/?p=75332","title":{"rendered":"Opini\u00f3n. Brecha: de venta de plazas en gobierno y otras historias"},"content":{"rendered":"\n<p>Raciel Mart\u00ednez Blas (\u201cEl Andariego\u201d)<\/p>\n\n\n\n<p>Oaxaca, Oax.- Se miraron largamente. Uno de ellos rompi\u00f3 ese silencio.<\/p>\n\n\n\n<p>&#8211;Aqu\u00ed no se raja nadie.&nbsp;\u00a1Nadie!&nbsp;\u2013repiti\u00f3 en tono retador.<\/p>\n\n\n\n<p>Y sigui\u00f3&nbsp;con&nbsp;un&nbsp;mon\u00f3logo&nbsp;en esa oficina en la cual hab\u00eda&nbsp;seis sillas acolchonadas, pero que nadie ocup\u00f3,&nbsp;y las fotograf\u00edas de quienes le antecedieron en&nbsp;el liderazgo sindical:<\/p>\n\n\n\n<p>&#8211;El gobernador se&nbsp;doblar\u00e1. Que ni le mueva. Todo se amarr\u00f3 bien y si intenta fregarnos le hacemos un desmadre. Otros gobernadores llegaron que de dizque rectos y empiezan por colocar a sus \u201camigas\u201d y familiares. A valores entendidos no pasa nada. Eso s\u00ed, todos ustedes machines y si hay una orden para defender al sindicato pues a entrarle. S\u00ed&nbsp;se entendi\u00f3,&nbsp;\u00bfverdad?<\/p>\n\n\n\n<p>A ese&nbsp;c\u00f3nclave llegaba el preg\u00f3n hartamente popular: \u201cSe compran colchones, tambores, refrigeradores, estufas, lavadoras, microondas o algo fierro viejo que vendaaan\u2026\u201d<\/p>\n\n\n\n<p>Entre los selectos a la reuni\u00f3n, a voz de cuello un asistente rompi\u00f3 la perorata:<\/p>\n\n\n\n<p>&#8211;Y&nbsp;el&nbsp;esc\u00e1ndalo en los peri\u00f3dicos. Se imagina si publican la lista de los beneficiados con las plazas&nbsp;y de paso nos queman a nosotros.<\/p>\n\n\n\n<p>El dirigente gremial defendi\u00f3 con seguridad:<\/p>\n\n\n\n<p>&#8211;Ay compa, ellos tambi\u00e9n deben guardar, a varios reporteros los ayudamos, tambi\u00e9n hay directores de peri\u00f3dicos, de radio.&nbsp;Se acuerdan de aquel cabr\u00f3n que nos chingaba, pues ten\u00eda plaza en la C\u00e1mara de Diputados y cuando le hablamos le baj\u00f3. El otro g\u00fcey que mandaba madrazo tras madrazo pues cobraba en Agricultura&nbsp;y despu\u00e9s dej\u00f3 la&nbsp;plaza para una amiga. Entonces de eso no hay que preocuparse tanto.&nbsp;Tambi\u00e9n hay diputados que piden comisionar a compa\u00f1eras&#8230;&nbsp;Est\u00e1 lo de las redes sociales, eso s\u00ed&nbsp;nos puede pegar pero all\u00ed nos ayudar\u00e1 Salazar para responder.<\/p>\n\n\n\n<p>A finales del mes de junio del 2023, el gobernador Salom\u00f3n Jara Cruz&nbsp;anunci\u00f3 que presentar\u00eda una iniciativa con proyecto de decreto en el Congreso del Estado para congelar plazas entregadas por la administraci\u00f3n de su antecesor Alejandro Murat Hinojosa.<\/p>\n\n\n\n<p>En su declaraci\u00f3n coment\u00f3&nbsp;que de una revisi\u00f3n tanto los ex gobernadores&nbsp;Ulises Ruiz y Gabino Cu\u00e9&nbsp;otorgaron gran n\u00famero de plazas en forma irregular.<\/p>\n\n\n\n<p>Al entonces gobernador&nbsp;Alejandro Murat&nbsp;\u201cyo le ped\u00ed&nbsp;tres cosas:&nbsp;que no hubiera m\u00e1s plazas&nbsp;para el sindicato, no m\u00e1s fiats y concesiones de taxis. El se\u00f1or no cumpli\u00f3\u201d.<\/p>\n\n\n\n<p>Al husmear en esa oficina&nbsp;sindical, la vista del reportero alcanz\u00f3 leer&nbsp;el pie de algunas fotograf\u00edas:&nbsp;Reveriano Chagoya Corres, H\u00e9ctor Caballero Juli\u00e1n, Angel Mart\u00ednez, Ad\u00e1n L\u00f3pez, V\u00edctor Hern\u00e1ndez, Joel Castillo P\u00e9rez.<\/p>\n\n\n\n<p>Entre la decena de presentes, un par de suspiros&nbsp;muy hondo. Unas tres caras de fastidio.<\/p>\n\n\n\n<p>Del frigor\u00edfico, ubicado en un recoveco, un sindicalista&nbsp;sac\u00f3 unas botellas de cerveza&nbsp;y uno&nbsp;bocadillos de jam\u00f3n, los puso en la mesa para quien gustara.<\/p>\n\n\n\n<p>Por ahora la moneda est\u00e1 en el aire.<\/p>\n\n\n\n<p>racmar24@gmail.com<\/p>\n\n\n\n<p><\/p>\n","protected":false},"excerpt":{"rendered":"<p>Raciel Mart\u00ednez Blas (\u201cEl Andariego\u201d) Oaxaca, Oax.- Se miraron largamente. Uno de ellos rompi\u00f3 ese&hellip;<\/p>\n","protected":false},"author":2,"featured_media":71624,"comment_status":"closed","ping_status":"open","sticky":false,"template":"","format":"standard","meta":{"_lmt_disableupdate":"","_lmt_disable":"","_jetpack_memberships_contains_paid_content":false,"footnotes":""},"categories":[456,109],"tags":[],"class_list":["post-75332","post","type-post","status-publish","format-standard","has-post-thumbnail","hentry","category-columna","category-minuto-a-minuto"],"jetpack_featured_media_url":"https:\/\/zonaroja.com.mx\/wp-content\/uploads\/2024\/08\/Opinion.-Raciel-Martinez.jpg","jetpack_sharing_enabled":true,"_links":{"self":[{"href":"https:\/\/zonaroja.com.mx\/index.php?rest_route=\/wp\/v2\/posts\/75332","targetHints":{"allow":["GET"]}}],"collection":[{"href":"https:\/\/zonaroja.com.mx\/index.php?rest_route=\/wp\/v2\/posts"}],"about":[{"href":"https:\/\/zonaroja.com.mx\/index.php?rest_route=\/wp\/v2\/types\/post"}],"author":[{"embeddable":true,"href":"https:\/\/zonaroja.com.mx\/index.php?rest_route=\/wp\/v2\/users\/2"}],"replies":[{"embeddable":true,"href":"https:\/\/zonaroja.com.mx\/index.php?rest_route=%2Fwp%2Fv2%2Fcomments&post=75332"}],"version-history":[{"count":1,"href":"https:\/\/zonaroja.com.mx\/index.php?rest_route=\/wp\/v2\/posts\/75332\/revisions"}],"predecessor-version":[{"id":75333,"href":"https:\/\/zonaroja.com.mx\/index.php?rest_route=\/wp\/v2\/posts\/75332\/revisions\/75333"}],"wp:featuredmedia":[{"embeddable":true,"href":"https:\/\/zonaroja.com.mx\/index.php?rest_route=\/wp\/v2\/media\/71624"}],"wp:attachment":[{"href":"https:\/\/zonaroja.com.mx\/index.php?rest_route=%2Fwp%2Fv2%2Fmedia&parent=75332"}],"wp:term":[{"taxonomy":"category","embeddable":true,"href":"https:\/\/zonaroja.com.mx\/index.php?rest_route=%2Fwp%2Fv2%2Fcategories&post=75332"},{"taxonomy":"post_tag","embeddable":true,"href":"https:\/\/zonaroja.com.mx\/index.php?rest_route=%2Fwp%2Fv2%2Ftags&post=75332"}],"curies":[{"name":"wp","href":"https:\/\/api.w.org\/{rel}","templated":true}]}}