{"id":75334,"date":"2024-12-09T19:20:47","date_gmt":"2024-12-10T01:20:47","guid":{"rendered":"https:\/\/zonaroja.com.mx\/?p=75334"},"modified":"2024-12-09T19:20:49","modified_gmt":"2024-12-10T01:20:49","slug":"presenta-gobierno-al-congreso-iniciativa-sobre-el-desplazamiento-forzado-interno","status":"publish","type":"post","link":"https:\/\/zonaroja.com.mx\/?p=75334","title":{"rendered":"Presenta gobierno al Congreso iniciativa sobre el Desplazamiento Forzado Interno"},"content":{"rendered":"\n<p>Redacci\u00f3n\/Zona Roja.<\/p>\n\n\n\n<p>Oaxaca de Ju\u00e1rez, Oax., a 9 de diciembre de 2024.- La 66 Legislatura local recibi\u00f3 la iniciativa de ley para prevenir, atender y reparar integralmente el desplazamiento forzado interno en el estado suscrita por el gobernador de Oaxaca, Salom\u00f3n Jara Cruz, con el objetivo de garantizar los derechos humanos de todas las personas de la entidad.<\/p>\n\n\n\n<p>El proyecto fue entregado por la coordinadora para la Atenci\u00f3n de los Derechos Humanos del Gobierno del Estado, Flor Estela Morales, quien resalt\u00f3 que es \u00fanico en todo el pa\u00eds porque fue elaborado tomando en cuenta la cosmovisi\u00f3n de las comunidades ind\u00edgenas y afromexicanas que viven en desplazamiento forzado, con un total de 52 foros de consulta realizados con el apoyo de un equipo multidisciplinario en las ocho regiones de la entidad.<\/p>\n\n\n\n<p>Tambi\u00e9n expuso la funcionaria estatal que el documento fue nutrido con el di\u00e1logo y la escucha activa de las infancias y adolescencias, la participaci\u00f3n de las autoridades municipales, las y los representantes agrarios, organizaciones de la sociedad civil, tatamandones, las personas v\u00edctimas y las poblaciones de acogida.<\/p>\n\n\n\n<p>Destac\u00f3 que uno de los puntos claves es que el desplazamiento arbitrario, as\u00ed como el impedimento para que personas y familias desplazadas puedan retornar se tipifica como un delito penal<\/p>\n\n\n\n<p>Coment\u00f3 que durante el proceso de integraci\u00f3n se cont\u00f3 con el acompa\u00f1amiento de las oficinas del Alto Comisionado de las Naciones Unidas para los Refugiados (ACNUR) en M\u00e9xico, y de Derechos Humanos (ONUDH), as\u00ed como de la Organizaci\u00f3n Internacional para las Migraciones (OIM), tambi\u00e9n de las instituciones estatales como la Secretar\u00eda de Gobierno (Sego); la Secretar\u00eda de Interculturalidad, Pueblos y Comunidades Ind\u00edgenas y Afromexicanas (SIPCIA); y la Fiscal\u00eda General del Estado de Oaxaca (FGEO).<\/p>\n\n\n\n<p>Al respecto, el representante del ACNUR en M\u00e9xico, Giovanni Lepri, resalt\u00f3 que esta ley es el fruto de la construcci\u00f3n colectiva \u201chay pocas leyes que han sido construidas mediante la consulta informada, resultado de un proceso participativo y respetuoso con las comunidades beneficiarias\u201d.<\/p>\n\n\n\n<p>Dijo que el desplazamiento forzado no es un tema de caridad, sino de derechos humanos, y por ello, reconoci\u00f3 la importancia de legislar desde el Congreso de Oaxaca para proteger a las personas desplazadas, con iniciativas que promuevan la restituci\u00f3n de derechos y las soluciones pac\u00edficas.<\/p>\n\n\n\n<p>En concordancia con lo anterior, se pronunci\u00f3 el representante adjunto en M\u00e9xico, de la ONU DH, Jes\u00fas Pe\u00f1a Palacios, quien alent\u00f3 a las y los diputados a que haya un Parlamento abierto e inclusivo, que permita conocer a fondo la iniciativa, la cual responde a los tres objetivos fundamentales en atenci\u00f3n a la problem\u00e1tica: la prevenci\u00f3n y la protecci\u00f3n; la atenci\u00f3n y asistencia; y soluciones duraderas.<\/p>\n\n\n\n<p>Durante su intervenci\u00f3n, el diputado presidente de la Junta de Coordinaci\u00f3n Pol\u00edtica (Jucopo), Benjam\u00edn Viveros Montalvo, sostuvo que la violencia, la discriminaci\u00f3n y la intolerancia son algunos de los motivos que han derivado en que la ni\u00f1ez, adolescencia, mujeres, hombres y personas adultas pierdan sus hogares.<\/p>\n\n\n\n<p>Por ello hizo hincapi\u00e9 en que tienen en sus manos la gran oportunidad para mejorar la calidad de vida, reparar integralmente y proteger los derechos de miles de oaxaque\u00f1as y oaxaque\u00f1os que han enfrentado esta situaci\u00f3n.<\/p>\n\n\n\n<p>A su vez, el legislador que encabeza la Comisi\u00f3n Permanente de Derechos Humanos, Isaac L\u00f3pez L\u00f3pez, felicit\u00f3 a quienes participaron en el proceso de consulta libre, previa e informada para construir este proyecto, el cual requiere la colaboraci\u00f3n de todas y todos los actores pol\u00edticos para fortalecer la gobernabilidad.<\/p>\n\n\n\n<p>Al finalizar se inaugur\u00f3 la exposici\u00f3n fotogr\u00e1fica: Di\u00e1logos Oaxaca, de frente al desplazamiento.<\/p>\n\n\n\n<p>Cabe destacar que se cont\u00f3 con la presencia de las y los congresistas de los Grupos Parlamentarios de Morena, Verde Ecologista de M\u00e9xico, Grupo Plural, Fuerza por Oaxaca y Partido del Trabajo; as\u00ed como del fiscal General del Estado de Oaxaca, Jos\u00e9 Bernardo Rodr\u00edguez Alamilla; la secretaria de Interculturalidad, Pueblos y Comunidades Ind\u00edgenas y Afromexicanas, Berta Ruth Arreola Ru\u00edz; el secretario de Seguridad y Protecci\u00f3n Ciudadana, Iv\u00e1n Garc\u00eda \u00c1lvarez, entre otras personalidades.<\/p>\n","protected":false},"excerpt":{"rendered":"<p>Redacci\u00f3n\/Zona Roja. Oaxaca de Ju\u00e1rez, Oax., a 9 de diciembre de 2024.- La 66 Legislatura&hellip;<\/p>\n","protected":false},"author":2,"featured_media":75335,"comment_status":"closed","ping_status":"open","sticky":false,"template":"","format":"standard","meta":{"_lmt_disableupdate":"","_lmt_disable":"","_jetpack_memberships_contains_paid_content":false,"footnotes":""},"categories":[109,46],"tags":[303],"class_list":["post-75334","post","type-post","status-publish","format-standard","has-post-thumbnail","hentry","category-minuto-a-minuto","category-zona-blanca","tag-congreso-del-estado-de-oaxaca"],"jetpack_featured_media_url":"https:\/\/zonaroja.com.mx\/wp-content\/uploads\/2024\/12\/Entrega-Recepcion-Iniciatica-Desplazamiento-Forzado-8.jpeg","jetpack_sharing_enabled":true,"_links":{"self":[{"href":"https:\/\/zonaroja.com.mx\/index.php?rest_route=\/wp\/v2\/posts\/75334","targetHints":{"allow":["GET"]}}],"collection":[{"href":"https:\/\/zonaroja.com.mx\/index.php?rest_route=\/wp\/v2\/posts"}],"about":[{"href":"https:\/\/zonaroja.com.mx\/index.php?rest_route=\/wp\/v2\/types\/post"}],"author":[{"embeddable":true,"href":"https:\/\/zonaroja.com.mx\/index.php?rest_route=\/wp\/v2\/users\/2"}],"replies":[{"embeddable":true,"href":"https:\/\/zonaroja.com.mx\/index.php?rest_route=%2Fwp%2Fv2%2Fcomments&post=75334"}],"version-history":[{"count":1,"href":"https:\/\/zonaroja.com.mx\/index.php?rest_route=\/wp\/v2\/posts\/75334\/revisions"}],"predecessor-version":[{"id":75336,"href":"https:\/\/zonaroja.com.mx\/index.php?rest_route=\/wp\/v2\/posts\/75334\/revisions\/75336"}],"wp:featuredmedia":[{"embeddable":true,"href":"https:\/\/zonaroja.com.mx\/index.php?rest_route=\/wp\/v2\/media\/75335"}],"wp:attachment":[{"href":"https:\/\/zonaroja.com.mx\/index.php?rest_route=%2Fwp%2Fv2%2Fmedia&parent=75334"}],"wp:term":[{"taxonomy":"category","embeddable":true,"href":"https:\/\/zonaroja.com.mx\/index.php?rest_route=%2Fwp%2Fv2%2Fcategories&post=75334"},{"taxonomy":"post_tag","embeddable":true,"href":"https:\/\/zonaroja.com.mx\/index.php?rest_route=%2Fwp%2Fv2%2Ftags&post=75334"}],"curies":[{"name":"wp","href":"https:\/\/api.w.org\/{rel}","templated":true}]}}