{"id":75337,"date":"2024-12-09T19:55:51","date_gmt":"2024-12-10T01:55:51","guid":{"rendered":"https:\/\/zonaroja.com.mx\/?p=75337"},"modified":"2024-12-09T21:04:06","modified_gmt":"2024-12-10T03:04:06","slug":"oaxaqueno-no-colombiano-individuo-abatido-por-la-pabic-en-la-capital","status":"publish","type":"post","link":"https:\/\/zonaroja.com.mx\/?p=75337","title":{"rendered":"Oaxaque\u00f1o, no colombiano, individuo abatido por la PABIC en la capital"},"content":{"rendered":"\n<p>Ismael Garc\u00eda M.\/Zona Roja.<\/p>\n\n\n\n<p>Oaxaca de Ju\u00e1rez, Oax., a 9 de diciembre de 2024.- Como Leandro J. L., de 46 a\u00f1os de edad y originario del municipio de San Juan Bautista Valle Nacional, fue identificada la persona abatida por la PABIC, el pasado jueves en la ciudad de Oaxaca.<\/p>\n\n\n\n<p>Esta ma\u00f1ana, en entrevista con el reportero \u00c1lvaro Morales, del noticiario \u201cEncuentro\u201d Radio, el fiscal General del Estado, Bernardo Rodr\u00edguez Alamilla, confirm\u00f3 que no era un individuo de origen extranjero.<\/p>\n\n\n\n<p>Y se indaga aun si ten\u00eda relaci\u00f3n con el denominado esquema de pr\u00e9stamo y cobro \u201cGota a gota\u201d, como se especul\u00f3 en los primeros d\u00edas tras el crimen, perpetrado en la agencia de Dolores, municipio de Oaxaca de Ju\u00e1rez.<\/p>\n\n\n\n<p>\u201cEs parte de las l\u00edneas de investigaci\u00f3n que llevamos, est\u00e1n muy avanzadas; sabemos que hubo un intercambio de disparos de arma de fuego y bueno desafortunadamente hubo una persona que falleci\u00f3. Sin embargo s\u00ed tenemos antecedentes de esta persona que pudiera estar relacionada con temas delictivos\u201d, dijo.<\/p>\n\n\n\n<p>-\u00bfEs ver\u00eddico que sea parte del \u201cGota a Gota\u201d?<\/p>\n\n\n\n<p>-Es parte de lo que estamos acabando de definir y hay l\u00edneas avanzadas en ese sentido.<\/p>\n\n\n\n<p>-\u00bfNo est\u00e1 confirmado todav\u00eda?<\/p>\n\n\n\n<p>-La informaci\u00f3n preliminar que tenemos va en ese sentido pero hasta que tengamos completamente definido lo podemos confirmar.<\/p>\n\n\n\n<p>-\u00bfEs extranjera?<\/p>\n\n\n\n<p>-Hasta ahorita no la tenemos identificada como tal.&nbsp;<\/p>\n\n\n\n<p>Los hechos ocurrieron alrededor de las 10:00 horas del pasado jueves 5 de enero, cuando presuntamente elementos de la Polic\u00eda Auxiliar, Bancaria, Industrial y Comercial visualizaron a un individuo armado, que hab\u00eda sido reportado la v\u00edspera en la zona de la agencia de Dolores.<\/p>\n\n\n\n<p>El sujeto respondi\u00f3 accionando su arma de fuego e hiri\u00f3 a un elemento policial, por lo cual \u00e9stos repelieron y abatieron al presunto delincuente, al que le encontraron en su mochila fajos de billetes de 500 pesos, adem\u00e1s del arma, una navaja y otros objetos.<\/p>\n\n\n\n<p>De la persona detenida por este caso, hasta el momento no se ha definido si tuvo o no relacional con estos hechos delictivos.<\/p>\n","protected":false},"excerpt":{"rendered":"<p>Ismael Garc\u00eda M.\/Zona Roja. Oaxaca de Ju\u00e1rez, Oax., a 9 de diciembre de 2024.- Como&hellip;<\/p>\n","protected":false},"author":2,"featured_media":75210,"comment_status":"closed","ping_status":"open","sticky":false,"template":"","format":"standard","meta":{"_lmt_disableupdate":"","_lmt_disable":"","_jetpack_memberships_contains_paid_content":false,"footnotes":""},"categories":[109,47],"tags":[494],"class_list":["post-75337","post","type-post","status-publish","format-standard","has-post-thumbnail","hentry","category-minuto-a-minuto","category-zona-gris","tag-fiscalia-general-del-estado-de-oaxaca"],"jetpack_featured_media_url":"https:\/\/zonaroja.com.mx\/wp-content\/uploads\/2024\/12\/Asesinado-Dolores-ciudad-de-Oaxaca.jpg","jetpack_sharing_enabled":true,"_links":{"self":[{"href":"https:\/\/zonaroja.com.mx\/index.php?rest_route=\/wp\/v2\/posts\/75337","targetHints":{"allow":["GET"]}}],"collection":[{"href":"https:\/\/zonaroja.com.mx\/index.php?rest_route=\/wp\/v2\/posts"}],"about":[{"href":"https:\/\/zonaroja.com.mx\/index.php?rest_route=\/wp\/v2\/types\/post"}],"author":[{"embeddable":true,"href":"https:\/\/zonaroja.com.mx\/index.php?rest_route=\/wp\/v2\/users\/2"}],"replies":[{"embeddable":true,"href":"https:\/\/zonaroja.com.mx\/index.php?rest_route=%2Fwp%2Fv2%2Fcomments&post=75337"}],"version-history":[{"count":1,"href":"https:\/\/zonaroja.com.mx\/index.php?rest_route=\/wp\/v2\/posts\/75337\/revisions"}],"predecessor-version":[{"id":75338,"href":"https:\/\/zonaroja.com.mx\/index.php?rest_route=\/wp\/v2\/posts\/75337\/revisions\/75338"}],"wp:featuredmedia":[{"embeddable":true,"href":"https:\/\/zonaroja.com.mx\/index.php?rest_route=\/wp\/v2\/media\/75210"}],"wp:attachment":[{"href":"https:\/\/zonaroja.com.mx\/index.php?rest_route=%2Fwp%2Fv2%2Fmedia&parent=75337"}],"wp:term":[{"taxonomy":"category","embeddable":true,"href":"https:\/\/zonaroja.com.mx\/index.php?rest_route=%2Fwp%2Fv2%2Fcategories&post=75337"},{"taxonomy":"post_tag","embeddable":true,"href":"https:\/\/zonaroja.com.mx\/index.php?rest_route=%2Fwp%2Fv2%2Ftags&post=75337"}],"curies":[{"name":"wp","href":"https:\/\/api.w.org\/{rel}","templated":true}]}}