{"id":7534,"date":"2020-01-10T20:11:24","date_gmt":"2020-01-11T02:11:24","guid":{"rendered":"http:\/\/www.zonaroja.com.mx\/?p=7534"},"modified":"2020-01-10T20:11:28","modified_gmt":"2020-01-11T02:11:28","slug":"gobierno-de-alejandro-murat-acumula-45-quejas-por-agresiones-a-periodistas","status":"publish","type":"post","link":"https:\/\/zonaroja.com.mx\/?p=7534","title":{"rendered":"Gobierno de Alejandro Murat acumula 45 quejas por agresiones a periodistas"},"content":{"rendered":"\n<p>Yuridiana Sosa\/Zona Roja.<\/p>\n\n\n\n<p>Oaxaca de Ju\u00e1rez, Oax., 10 de enero\nde 2020.-&nbsp; En sus primeros tres a\u00f1os de\nmandato, el gobierno de Alejandro Murat Hinojosa acumula 45 expedientes de\nquejas por agresiones a periodistas, de acuerdo con un recuento elaborado por\nla Defensor\u00eda de los Derechos Humanos del Pueblo de Oaxaca (DDHPO).<\/p>\n\n\n\n<p>Asimismo, por la violaci\u00f3n a los\nderechos de los comunicadores en el ejercicio de su labor, el organismo abri\u00f3 en\nlos \u00faltimos cinco a\u00f1os, 253 investigaciones de hechos registrados mediante\nquejas y en cuadernos de antecedentes.<\/p>\n\n\n\n<p>En el lapso de cinco a\u00f1os, y por\nalgunos de esos casos, la DDHPO dict\u00f3 adem\u00e1s 18 medidas cautelares para\nprivilegiar la seguridad de las v\u00edctimas; pero fue el a\u00f1o 2018 cuando emiti\u00f3 la\nmayor cantidad de medidas, al ejecutar 10 acciones.<\/p>\n\n\n\n<p>La DDHPO, que preside el ombudsman\nBernardo Rodr\u00edguez Alamilla, dio a conocer que los derechos m\u00e1s violentados son\na la libertad de expresi\u00f3n, prensa y opini\u00f3n; derecho a la legalidad; derecho\nde igualdad ante la ley y no discriminaci\u00f3n y derecho a la seguridad jur\u00eddica.<\/p>\n\n\n\n<p>Mientras que las agresiones se enfocan en el hostigamiento por parte de autoridades, impedir el ejercicio period\u00edstico, agresiones f\u00edsicas, obstaculizar el acceso a la informaci\u00f3n y allanamientos.<\/p>\n\n\n\n<figure class=\"wp-block-embed-twitter wp-block-embed is-type-rich is-provider-twitter\"><div class=\"wp-block-embed__wrapper\">\n<div class=\"twitter-tweet\"><blockquote class=\"twitter-tweet\" data-lang=\"es\"><p lang=\"es\" dir=\"ltr\">A fin de estrechar lazos de colaboraci\u00f3n en materia de defensa de las garant\u00edas de los comunicadores, directivos de la <a href=\"https:\/\/twitter.com\/apooax40?ref_src=twsrc%5Etfw\">@apooax40<\/a> se reunieron hoy con el presidente de la <a href=\"https:\/\/twitter.com\/DDHPO?ref_src=twsrc%5Etfw\">@DDHPO<\/a>, <a href=\"https:\/\/twitter.com\/DefensorOax?ref_src=twsrc%5Etfw\">@DefensorOax<\/a>. <a href=\"https:\/\/twitter.com\/Gsumano2?ref_src=twsrc%5Etfw\">@Gsumano2<\/a> <a href=\"https:\/\/t.co\/11WKgYCgNN\">pic.twitter.com\/11WKgYCgNN<\/a><\/p>&mdash; Zona Roja Oaxaca (@MexRoja) <a href=\"https:\/\/twitter.com\/MexRoja\/status\/1215746851175092225?ref_src=twsrc%5Etfw\">10 de enero de 2020<\/a><\/blockquote><\/div>\n<\/div><\/figure>\n\n\n\n<p>Todos ellos ejercidos principalmente\npor ayuntamientos, Fiscal\u00eda General del Estado (FGE), la Secretar\u00eda de\nSeguridad P\u00fablica (SSPO), el Congreso del Estado de Oaxaca y el Instituto\nEstatal de Educaci\u00f3n P\u00fablica de Oaxaca (IEEPO).<\/p>\n\n\n\n<p>En el reciente a\u00f1o que concluy\u00f3, la\nDefensor\u00eda inici\u00f3 siete expedientes de queja y 15 cuadernos de antecedentes,\nas\u00ed como dict\u00f3 dos medidas cautelares, lo que lo posiciona como el a\u00f1o donde se\nregistraron menos casos, en el lapso de cinco a\u00f1os.<\/p>\n\n\n\n<p>En 2018 se abrieron 11 expedientes de\nqueja, 27 cuadernos de antecedentes y&nbsp;&nbsp;\n10 medidas cautelares. <\/p>\n\n\n\n<p>Mientras que en 2017 se acumularon 27\nexpedientes, 36 cuadernos de antecedentes y una medida cautelar por el riesgo\nque representaba para la vida de un comunicador.<\/p>\n\n\n\n<p>Con el registro de 38 quejas, la\napertura de 49 cuadernos de antecedentes y la emisi\u00f3n de dos medidas\ncautelares, el a\u00f1o 2016 fue el periodo m\u00e1s violento para los periodistas en la\nentidad, constan datos de la DDHPO.<\/p>\n\n\n\n<p>En tanto, en 2015 se presentaron 12\nexpedientes de queja, 31 cuadernos de antecedentes y tres medidas cautelares.<\/p>\n\n\n\n<p>El organismo detall\u00f3 que los hechos\nse registraron en mayor medida en la regi\u00f3n de Valles Centrales, Istmo,\nMixteca, Cuenca y Costa.<\/p>\n\n\n\n<p>Durante el lapso del a\u00f1o 2012 al\n2019, la Defensor\u00eda de los Derechos Humanos del Pueblo de Oaxaca de 2012 a 2019\nemiti\u00f3 tres recomendaciones relacionadas con el ejercicio period\u00edstico y\ncontribuy\u00f3 en seis procesos de conciliaci\u00f3n.<\/p>\n\n\n\n<p>Este viernes, directivos de la Asociaci\u00f3n de Periodistas de Oaxaca (APO), encabezados por Maricruz Mart\u00ednez, Juan Manuel Vignon y Antonio Guti\u00e9rrez Sumano, se reunieron con el presidente de la DDHPO, Bernardo Rodr\u00edguez Alamilla, a fin de estrechar lazos de colaboraci\u00f3n para la defensa de las garant\u00edas de los comunicadores.<\/p>\n\n\n\n<figure class=\"wp-block-image\"><img decoding=\"async\" width=\"1024\" height=\"768\" src=\"http:\/\/www.zonaroja.com.mx\/wp-content\/uploads\/2020\/01\/APO-DDHPO-2-1024x768.jpg\" alt=\"\" class=\"wp-image-7535\" srcset=\"https:\/\/zonaroja.com.mx\/wp-content\/uploads\/2020\/01\/APO-DDHPO-2-1024x768.jpg 1024w, https:\/\/zonaroja.com.mx\/wp-content\/uploads\/2020\/01\/APO-DDHPO-2-300x225.jpg 300w, https:\/\/zonaroja.com.mx\/wp-content\/uploads\/2020\/01\/APO-DDHPO-2-768x576.jpg 768w, https:\/\/zonaroja.com.mx\/wp-content\/uploads\/2020\/01\/APO-DDHPO-2-1170x878.jpg 1170w, https:\/\/zonaroja.com.mx\/wp-content\/uploads\/2020\/01\/APO-DDHPO-2-1920x1440.jpg 1920w, https:\/\/zonaroja.com.mx\/wp-content\/uploads\/2020\/01\/APO-DDHPO-2-585x439.jpg 585w, https:\/\/zonaroja.com.mx\/wp-content\/uploads\/2020\/01\/APO-DDHPO-2.jpg 2016w\" sizes=\"(max-width: 1024px) 100vw, 1024px\" \/><\/figure>\n","protected":false},"excerpt":{"rendered":"<p>Yuridiana Sosa\/Zona Roja. Oaxaca de Ju\u00e1rez, Oax., 10 de enero de 2020.-&nbsp; En sus primeros&hellip;<\/p>\n","protected":false},"author":2,"featured_media":7536,"comment_status":"closed","ping_status":"open","sticky":false,"template":"","format":"standard","meta":{"_lmt_disableupdate":"","_lmt_disable":"","_jetpack_memberships_contains_paid_content":false,"footnotes":""},"categories":[109,47],"tags":[1041,1262,286],"class_list":["post-7534","post","type-post","status-publish","format-standard","has-post-thumbnail","hentry","category-minuto-a-minuto","category-zona-gris","tag-asociacion-de-periodistas-de-oaxaca-apo","tag-bernardo-rodriguez-alamilla","tag-defensoria-de-los-derechos-humanos-del-pueblo-de-oaxaca"],"jetpack_featured_media_url":"https:\/\/zonaroja.com.mx\/wp-content\/uploads\/2020\/01\/APO-DDHPO-1.jpg","jetpack_sharing_enabled":true,"_links":{"self":[{"href":"https:\/\/zonaroja.com.mx\/index.php?rest_route=\/wp\/v2\/posts\/7534","targetHints":{"allow":["GET"]}}],"collection":[{"href":"https:\/\/zonaroja.com.mx\/index.php?rest_route=\/wp\/v2\/posts"}],"about":[{"href":"https:\/\/zonaroja.com.mx\/index.php?rest_route=\/wp\/v2\/types\/post"}],"author":[{"embeddable":true,"href":"https:\/\/zonaroja.com.mx\/index.php?rest_route=\/wp\/v2\/users\/2"}],"replies":[{"embeddable":true,"href":"https:\/\/zonaroja.com.mx\/index.php?rest_route=%2Fwp%2Fv2%2Fcomments&post=7534"}],"version-history":[{"count":1,"href":"https:\/\/zonaroja.com.mx\/index.php?rest_route=\/wp\/v2\/posts\/7534\/revisions"}],"predecessor-version":[{"id":7537,"href":"https:\/\/zonaroja.com.mx\/index.php?rest_route=\/wp\/v2\/posts\/7534\/revisions\/7537"}],"wp:featuredmedia":[{"embeddable":true,"href":"https:\/\/zonaroja.com.mx\/index.php?rest_route=\/wp\/v2\/media\/7536"}],"wp:attachment":[{"href":"https:\/\/zonaroja.com.mx\/index.php?rest_route=%2Fwp%2Fv2%2Fmedia&parent=7534"}],"wp:term":[{"taxonomy":"category","embeddable":true,"href":"https:\/\/zonaroja.com.mx\/index.php?rest_route=%2Fwp%2Fv2%2Fcategories&post=7534"},{"taxonomy":"post_tag","embeddable":true,"href":"https:\/\/zonaroja.com.mx\/index.php?rest_route=%2Fwp%2Fv2%2Ftags&post=7534"}],"curies":[{"name":"wp","href":"https:\/\/api.w.org\/{rel}","templated":true}]}}