{"id":75348,"date":"2024-12-10T08:20:00","date_gmt":"2024-12-10T14:20:00","guid":{"rendered":"https:\/\/zonaroja.com.mx\/?p=75348"},"modified":"2024-12-10T06:42:40","modified_gmt":"2024-12-10T12:42:40","slug":"alcanza-cnte-logros-con-presidenta-pero-los-deja-plantado-la-segob","status":"publish","type":"post","link":"https:\/\/zonaroja.com.mx\/?p=75348","title":{"rendered":"Alcanza CNTE logros con Presidenta, pero los deja \u201cplantado\u201d la Segob"},"content":{"rendered":"\n<p>Ismael Garc\u00eda M.\/Zona Roja.<\/p>\n\n\n\n<p>Oaxaca de Ju\u00e1rez, Oax., a 10 de diciembre de 2024.- Como estaba agendado, una representaci\u00f3n de la Secci\u00f3n 22 del Sindicato Nacional de Trabajadores de la Educaci\u00f3n y una representaci\u00f3n de la Coordinadora Nacional de Trabajadores de la Educaci\u00f3n (CNTE) fue recibida este lunes por la Presidenta Claudia Sheinbaum.<\/p>\n\n\n\n<p>Tras ello, la secretaria General, Yenny Aracely P\u00e9rez Mart\u00ednez, reconoci\u00f3 que hubo avances pero solamente en lo que respecta a asuntos financieros.<\/p>\n\n\n\n<p>Entre ellos est\u00e1 que se acord\u00f3, sin poner fecha, la entrega y operatividad de los uniformes escolares, a trav\u00e9s de la entrega directa.<\/p>\n\n\n\n<p>Seg\u00fan explic\u00f3 en conferencia de prensa afuera del Palacio Nacional, ciudad de M\u00e9xico, un uniforme de gala que faltaba ya se tiene en existencia pero se deber\u00e1 entregar a la brevedad posible.<\/p>\n\n\n\n<p>Est\u00e1 pendiente un uniforme deportivo y un uniforme de gala, por lo cual la gremial demand\u00f3 que se entreguen en efectivo, a trav\u00e9s de vales, debido a que llevar\u00eda m\u00e1s tiempo la confecci\u00f3n de \u00e9stos; de la misma manera se deber\u00e1 operar con los uniformes faltantes.<\/p>\n\n\n\n<p>\u201cQue los recursos lleguen directamente a los padres de familia, esa es nuestra exigencia\u2026 recordemos que es un logro de la Secci\u00f3n 22, no del gobierno federal o estatal, por lo cual se deber\u00e1n entregar los uniformes con la presencia de representantes sindicales\u201d, dijo.<\/p>\n\n\n\n<p>De la misma manera se logr\u00f3 que se confirmara el pago de la prima de antig\u00fcedad a trabajadores jubilados que no lograron entrar en proceso de demanda, para 14 mil 50 de ellos; se har\u00e1 la calendarizaci\u00f3n para que se haga la entrega de inmediato.<\/p>\n\n\n\n<p>Ademas, acordaron la entrega de equipamiento tecnol\u00f3gico a escuelas de educaci\u00f3n b\u00e1sica.<\/p>\n\n\n\n<p>P\u00e9rez Hern\u00e1ndez indic\u00f3 que los dem\u00e1s, puntos, entre ellos gasificaci\u00f3n, reconocimientos, est\u00edmulos, as\u00ed como una mesa de justicia para diversos casos en Oaxaca, ser\u00e1 tratado en otras mesas de trabajo.<\/p>\n\n\n\n<p>Por la tarde, la Comisi\u00f3n \u00danica Negociadora de la CNTE, incluida la Secci\u00f3n 22, ten\u00eda programada una reuni\u00f3n con la secretaria de Gobernaci\u00f3n, Rosa Icela Rodr\u00edguez, pero la funcionaria estatal no acudi\u00f3, por lo cual se reprogramar\u00e1.<\/p>\n\n\n\n<p>\u201cLlegamos, no estaba la secretaria Gobernaci\u00f3n y decidimos no aceptar la mesa, porque es una falta de respeto para la CNTE, con toda la trayectoria y que no tengan seriedad, cuando s\u00ed se sientan con los \u2018charros\u2019 y lo publican en las redes sociales\u201d, dijo la secretaria General del magisterio oaxaque\u00f1o.<\/p>\n\n\n\n<p><\/p>\n","protected":false},"excerpt":{"rendered":"<p>Ismael Garc\u00eda M.\/Zona Roja. Oaxaca de Ju\u00e1rez, Oax., a 10 de diciembre de 2024.- Como&hellip;<\/p>\n","protected":false},"author":2,"featured_media":75349,"comment_status":"closed","ping_status":"open","sticky":false,"template":"","format":"standard","meta":{"_lmt_disableupdate":"","_lmt_disable":"","_jetpack_memberships_contains_paid_content":false,"footnotes":""},"categories":[109,47],"tags":[312],"class_list":["post-75348","post","type-post","status-publish","format-standard","has-post-thumbnail","hentry","category-minuto-a-minuto","category-zona-gris","tag-seccion-22-del-snte"],"jetpack_featured_media_url":"https:\/\/zonaroja.com.mx\/wp-content\/uploads\/2024\/12\/Seccion-22-del-SNTe-reunion-con-Claudia-Sheinbaum.jpg","jetpack_sharing_enabled":true,"_links":{"self":[{"href":"https:\/\/zonaroja.com.mx\/index.php?rest_route=\/wp\/v2\/posts\/75348","targetHints":{"allow":["GET"]}}],"collection":[{"href":"https:\/\/zonaroja.com.mx\/index.php?rest_route=\/wp\/v2\/posts"}],"about":[{"href":"https:\/\/zonaroja.com.mx\/index.php?rest_route=\/wp\/v2\/types\/post"}],"author":[{"embeddable":true,"href":"https:\/\/zonaroja.com.mx\/index.php?rest_route=\/wp\/v2\/users\/2"}],"replies":[{"embeddable":true,"href":"https:\/\/zonaroja.com.mx\/index.php?rest_route=%2Fwp%2Fv2%2Fcomments&post=75348"}],"version-history":[{"count":1,"href":"https:\/\/zonaroja.com.mx\/index.php?rest_route=\/wp\/v2\/posts\/75348\/revisions"}],"predecessor-version":[{"id":75350,"href":"https:\/\/zonaroja.com.mx\/index.php?rest_route=\/wp\/v2\/posts\/75348\/revisions\/75350"}],"wp:featuredmedia":[{"embeddable":true,"href":"https:\/\/zonaroja.com.mx\/index.php?rest_route=\/wp\/v2\/media\/75349"}],"wp:attachment":[{"href":"https:\/\/zonaroja.com.mx\/index.php?rest_route=%2Fwp%2Fv2%2Fmedia&parent=75348"}],"wp:term":[{"taxonomy":"category","embeddable":true,"href":"https:\/\/zonaroja.com.mx\/index.php?rest_route=%2Fwp%2Fv2%2Fcategories&post=75348"},{"taxonomy":"post_tag","embeddable":true,"href":"https:\/\/zonaroja.com.mx\/index.php?rest_route=%2Fwp%2Fv2%2Ftags&post=75348"}],"curies":[{"name":"wp","href":"https:\/\/api.w.org\/{rel}","templated":true}]}}