{"id":75355,"date":"2024-12-10T09:10:00","date_gmt":"2024-12-10T15:10:00","guid":{"rendered":"https:\/\/zonaroja.com.mx\/?p=75355"},"modified":"2024-12-10T07:14:25","modified_gmt":"2024-12-10T13:14:25","slug":"asesinan-a-balazos-a-diputado-federal-de-veracruz","status":"publish","type":"post","link":"https:\/\/zonaroja.com.mx\/?p=75355","title":{"rendered":"Asesinan a balazos a diputado federal de Veracruz"},"content":{"rendered":"\n<p>Redacci\u00f3n\/Zona Roja Cdmx.<\/p>\n\n\n\n<p>Ciudad de M\u00e9xico, a 10 de diciembre de 2024.- Durante la noche del lunes 9 de diciembre la Fiscal\u00eda General del Estado dio a conocer el fallecimiento del diputado federal Benito Aguas Atlahua en el distrito 18 de Zongolica.&nbsp;<\/p>\n\n\n\n<p>De acuerdo a primeros reportes, Aguas Atlahua fue v\u00edctima de una agresi\u00f3n con arma de fuego. Tras lo ocurrido los servicios de emergencia le brindaron atenci\u00f3n m\u00e9dica para salvarlo, sin embargo falleci\u00f3.<\/p>\n\n\n\n<p>En el lugar de los hechos, tambi\u00e9n se encontr\u00f3 el cuerpo sin vida de un hombre identificado de manera preliminar como Agust\u00edn Linares L\u00f3pez, quien era ingeniero de profesi\u00f3n.<\/p>\n\n\n\n<p>La autoridades desplegaron un equipo compuesto por fiscales, peritos y elementos de la polic\u00eda ministerial en el sitio del incidente. La Fiscal\u00eda de Veracruz asegur\u00f3 que ya dieron inicio a una investigaci\u00f3n para esclarecer los hechos.<\/p>\n\n\n\n<p>Tras darse a conocer el ataque y deceso de Benito Aguas, pol\u00edticos y partidos reaccionaron a la noticia.&nbsp;<\/p>\n\n\n\n<p>Uno de los primeros fue el Partido Revolucionario Institucional (PRI), que por medio de su cuenta de X se pronunciaron contra el ataque. \u201cCondenamos en\u00e9rgicamente el ataque armado contra el diputado federal del Partido Verde, Benito Aguas Atlahua, ocurrido en la comunidad de Tepenacaxtla, Zongolica, Veracruz. Deseamos su pronta recuperaci\u00f3n y hacemos un llamado urgente a las autoridades para que esclarezcan este atentado y lleven ante la justicia a los responsables. M\u00e9xico merece vivir en paz. No m\u00e1s violencia\u201d, se lee.<\/p>\n\n\n\n<p>Asimismo, el presidente de la Junta de Coordinaci\u00f3n Pol\u00edtica,&nbsp;Ricardo Monreal, calific\u00f3 los hechos como un \u201ccobarde atentado\u201d.<\/p>\n\n\n\n<p>De igual manera, Javier Herrera Borunda, diputado federal por Veracruz exigi\u00f3 un alto a la violencia en el estado y pidi\u00f3 a las autoridades correspondientes esclarecer los hechos. \u201cDesde el Palacio Legislativo de San L\u00e1zaro, hacemos un en\u00e9rgico llamado para erradicar la violencia pol\u00edtica en nuestro pa\u00eds y estaremos muy pendientes de que tanto la Secretar\u00eda de Seguridad y Protecci\u00f3n Ciudadana del Gobierno Federal, as\u00ed como la Secretar\u00eda de Seguridad del estado de Veracruz act\u00faen en consecuencia\u201d, se lee en el documento publicado en sus redes sociales.<\/p>\n\n\n\n<p>Este tr\u00e1gico suceso se suma a una serie de hechos violentos que han afectado a la zona, lo que contin\u00faa preocupando a los habitantes y las autoridades locales.<\/p>\n\n\n\n<p>(Informaci\u00f3n de Infobae M\u00e9xico)<\/p>\n","protected":false},"excerpt":{"rendered":"<p>Redacci\u00f3n\/Zona Roja Cdmx. Ciudad de M\u00e9xico, a 10 de diciembre de 2024.- Durante la noche&hellip;<\/p>\n","protected":false},"author":2,"featured_media":75356,"comment_status":"closed","ping_status":"open","sticky":false,"template":"","format":"standard","meta":{"_lmt_disableupdate":"","_lmt_disable":"","_jetpack_memberships_contains_paid_content":false,"footnotes":""},"categories":[109,51],"tags":[4126],"class_list":["post-75355","post","type-post","status-publish","format-standard","has-post-thumbnail","hentry","category-minuto-a-minuto","category-zona-roja","tag-diputado-benito-aguas"],"jetpack_featured_media_url":"https:\/\/zonaroja.com.mx\/wp-content\/uploads\/2024\/12\/Diputado-benito-aguas.jpg.avif","jetpack_sharing_enabled":true,"_links":{"self":[{"href":"https:\/\/zonaroja.com.mx\/index.php?rest_route=\/wp\/v2\/posts\/75355","targetHints":{"allow":["GET"]}}],"collection":[{"href":"https:\/\/zonaroja.com.mx\/index.php?rest_route=\/wp\/v2\/posts"}],"about":[{"href":"https:\/\/zonaroja.com.mx\/index.php?rest_route=\/wp\/v2\/types\/post"}],"author":[{"embeddable":true,"href":"https:\/\/zonaroja.com.mx\/index.php?rest_route=\/wp\/v2\/users\/2"}],"replies":[{"embeddable":true,"href":"https:\/\/zonaroja.com.mx\/index.php?rest_route=%2Fwp%2Fv2%2Fcomments&post=75355"}],"version-history":[{"count":1,"href":"https:\/\/zonaroja.com.mx\/index.php?rest_route=\/wp\/v2\/posts\/75355\/revisions"}],"predecessor-version":[{"id":75357,"href":"https:\/\/zonaroja.com.mx\/index.php?rest_route=\/wp\/v2\/posts\/75355\/revisions\/75357"}],"wp:featuredmedia":[{"embeddable":true,"href":"https:\/\/zonaroja.com.mx\/index.php?rest_route=\/wp\/v2\/media\/75356"}],"wp:attachment":[{"href":"https:\/\/zonaroja.com.mx\/index.php?rest_route=%2Fwp%2Fv2%2Fmedia&parent=75355"}],"wp:term":[{"taxonomy":"category","embeddable":true,"href":"https:\/\/zonaroja.com.mx\/index.php?rest_route=%2Fwp%2Fv2%2Fcategories&post=75355"},{"taxonomy":"post_tag","embeddable":true,"href":"https:\/\/zonaroja.com.mx\/index.php?rest_route=%2Fwp%2Fv2%2Ftags&post=75355"}],"curies":[{"name":"wp","href":"https:\/\/api.w.org\/{rel}","templated":true}]}}