{"id":75358,"date":"2024-12-10T12:19:00","date_gmt":"2024-12-10T18:19:00","guid":{"rendered":"https:\/\/zonaroja.com.mx\/?p=75358"},"modified":"2024-12-10T07:21:10","modified_gmt":"2024-12-10T13:21:10","slug":"sentencian-a-cuatro-anos-de-carcel-individuo-que-se-nego-a-pagar-pension","status":"publish","type":"post","link":"https:\/\/zonaroja.com.mx\/?p=75358","title":{"rendered":"Sentencian a cuatro a\u00f1os de c\u00e1rcel a individuo que se neg\u00f3 a pagar pensi\u00f3n\u00a0"},"content":{"rendered":"\n<p>Redacci\u00f3n\/Zona Roja.&nbsp;<\/p>\n\n\n\n<p>Oaxaca de Ju\u00e1rez, Oax. 10 de diciembre de 2024.- La Fiscal\u00eda General del Estado de Oaxaca (FGEO) obtuvo una sentencia condenatoria de cuatro a\u00f1os y seis meses de prisi\u00f3n en contra de una persona del sexo masculino identificada como Benjam\u00edn V.G., responsable del delito de Incumplimiento de Obligaciones Alimentarias.<\/p>\n\n\n\n<p>De acuerdo con el expediente penal del caso, el hoy sentenciado incumpli\u00f3 con las obligaciones impuestas por un Juez Familiar, quien fij\u00f3 desde el 7 de marzo de 2019 el pago de pensi\u00f3n alimentaria a favor de su hijo (menor de edad cuya identidad est\u00e1 reservada por ley).<\/p>\n\n\n\n<p>La investigaci\u00f3n revela que, fue hasta el 4 de octubre de 2019, cuando en audiencia de car\u00e1cter familiar el imputado fue requerido por la autoridad judicial para que procediera a dar el cumplimiento del pago a la pensi\u00f3n alimentaria provisional ya que \u00fanicamente hab\u00eda realizado un pago con una cantidad menor a la estipulada por lo que se le otorg\u00f3 un plazo de tiempo para hacerlo, sin embargo no cumpli\u00f3.<\/p>\n\n\n\n<p>Ante esta situaci\u00f3n, la autoridad judicial determin\u00f3 iniciar su proceso y conforme a las pruebas presentadas, se determin\u00f3 que Benjam\u00edn V.G., incurri\u00f3 en el delito de incumplimiento de obligaci\u00f3n alimentaria, debido a que, desde el 4 de octubre de 2019 hasta la fecha, sin motivo justificado dej\u00f3 de proveer lo establecido por el Juez de la causa quien dict\u00f3 sentencia condenatoria de cuatro a\u00f1os y seis meses de prisi\u00f3n, adem\u00e1s, impuso el pago de una multa y la reparaci\u00f3n del da\u00f1o en abstracto.<\/p>\n\n\n\n<p>CONTRA FEMINICIDA<\/p>\n\n\n\n<p>En otro caso, la Fiscal\u00eda General del Estado de Oaxaca (FGEO) solicit\u00f3 la vinculaci\u00f3n a proceso en contra de una persona imputada por el delito de feminicidio agravado, hechos cometidos en la regi\u00f3n de Valles Centrales.<\/p>\n\n\n\n<p>Al tener conocimiento del caso, la FGEO realiz\u00f3 la investigaci\u00f3n correspondiente a trav\u00e9s de personal especializado de la Fiscal\u00eda Especializada para la Atenci\u00f3n a Delitos contra la Mujer por Raz\u00f3n de G\u00e9nero&nbsp; que llev\u00f3 ante el Juez a F.M.S., quien qued\u00f3 a disposici\u00f3n de la autoridad para que se decida su situaci\u00f3n jur\u00eddica, despu\u00e9s de que se le realizar\u00e1 la imputaci\u00f3n y se solicitar\u00e1 la vinculaci\u00f3n a proceso, quedando en prisi\u00f3n preventiva a espera de audiencia.&nbsp;<\/p>\n\n\n\n<p>Las labores de investigaci\u00f3n realizadas por medio de equipos multidisciplinarios y especializados en perspectiva de g\u00e9nero, permitieron que derivado de los primeros trabajos ministeriales, periciales, forenses, fue posible la ubicaci\u00f3n y ejecuci\u00f3n de la orden de aprehensi\u00f3n en contra de F.M.S.<\/p>\n\n\n\n<p>De acuerdo con los resultados de las investigaciones realizadas con trabajos de inteligencia criminal y an\u00e1lisis de contexto de la v\u00edctima que efect\u00faan las unidades especializadas de g\u00e9nero de la Fiscal\u00eda General del Estado de Oaxaca, el imputado estar\u00eda relacionado con los hechos ocurridos en un domicilio de la colonia Uni\u00f3n en el municipio de Oaxaca de Ju\u00e1rez, lugar en que la madrugada del martes 3 de diciembre fue encontrada una mujer sin vida.<\/p>\n\n\n\n<p>LOCALIZAN A ACTIVISTA&nbsp;<\/p>\n\n\n\n<p>En tanto, la aplicaci\u00f3n de protocolos de investigaci\u00f3n que realiza la Fiscal\u00eda General del Estado de Oaxaca (FGEO) hicieron posible dar con el paradero de una persona del sexo masculino identificado como R.R.C.H., quien estaba reportado como No Localizado, hechos que sucedieron en la regi\u00f3n de los Valles Centrales.<\/p>\n\n\n\n<p>De acuerdo con la denuncia realizada el 31 de octubre de 2024, por los familiares, R.R.C.H. fue visto por \u00faltima vez el 22 de septiembre de 2024, en el municipio de Santa Rosa Panzacola.<\/p>\n\n\n\n<p>Ante la denuncia por ausencia, se activaron los protocolos de actuaci\u00f3n en la investigaci\u00f3n y b\u00fasqueda de personas desaparecidas y no localizadas, por parte de la Unidad de B\u00fasqueda de Personas No Localizadas, de la Vicefiscal\u00eda General de Atenci\u00f3n a V\u00edctimas y a la Sociedad, lo cual permiti\u00f3 trazar las l\u00edneas de investigaci\u00f3n que llevaron a su localizaci\u00f3n.<\/p>\n\n\n\n<p>La Instituci\u00f3n procuradora de justicia detall\u00f3 que R.R.C.H. fue localizado por el Grupo de B\u00fasqueda de la Agencia Estatal de Investigaciones, el 8 de diciembre de 2024, en el municipio de Santa Luc\u00eda del Camino.<\/p>\n\n\n\n<p>Luego de dar con su paradero, fue presentado para su declaraci\u00f3n ministerial y posterior restituci\u00f3n con sus familiares.<\/p>\n","protected":false},"excerpt":{"rendered":"<p>Redacci\u00f3n\/Zona Roja.&nbsp; Oaxaca de Ju\u00e1rez, Oax. 10 de diciembre de 2024.- La Fiscal\u00eda General del&hellip;<\/p>\n","protected":false},"author":2,"featured_media":75359,"comment_status":"closed","ping_status":"open","sticky":false,"template":"","format":"standard","meta":{"_lmt_disableupdate":"","_lmt_disable":"","_jetpack_memberships_contains_paid_content":false,"footnotes":""},"categories":[109,47],"tags":[494],"class_list":["post-75358","post","type-post","status-publish","format-standard","has-post-thumbnail","hentry","category-minuto-a-minuto","category-zona-gris","tag-fiscalia-general-del-estado-de-oaxaca"],"jetpack_featured_media_url":"https:\/\/zonaroja.com.mx\/wp-content\/uploads\/2024\/12\/Deudor-alimentario.jpg","jetpack_sharing_enabled":true,"_links":{"self":[{"href":"https:\/\/zonaroja.com.mx\/index.php?rest_route=\/wp\/v2\/posts\/75358","targetHints":{"allow":["GET"]}}],"collection":[{"href":"https:\/\/zonaroja.com.mx\/index.php?rest_route=\/wp\/v2\/posts"}],"about":[{"href":"https:\/\/zonaroja.com.mx\/index.php?rest_route=\/wp\/v2\/types\/post"}],"author":[{"embeddable":true,"href":"https:\/\/zonaroja.com.mx\/index.php?rest_route=\/wp\/v2\/users\/2"}],"replies":[{"embeddable":true,"href":"https:\/\/zonaroja.com.mx\/index.php?rest_route=%2Fwp%2Fv2%2Fcomments&post=75358"}],"version-history":[{"count":2,"href":"https:\/\/zonaroja.com.mx\/index.php?rest_route=\/wp\/v2\/posts\/75358\/revisions"}],"predecessor-version":[{"id":75361,"href":"https:\/\/zonaroja.com.mx\/index.php?rest_route=\/wp\/v2\/posts\/75358\/revisions\/75361"}],"wp:featuredmedia":[{"embeddable":true,"href":"https:\/\/zonaroja.com.mx\/index.php?rest_route=\/wp\/v2\/media\/75359"}],"wp:attachment":[{"href":"https:\/\/zonaroja.com.mx\/index.php?rest_route=%2Fwp%2Fv2%2Fmedia&parent=75358"}],"wp:term":[{"taxonomy":"category","embeddable":true,"href":"https:\/\/zonaroja.com.mx\/index.php?rest_route=%2Fwp%2Fv2%2Fcategories&post=75358"},{"taxonomy":"post_tag","embeddable":true,"href":"https:\/\/zonaroja.com.mx\/index.php?rest_route=%2Fwp%2Fv2%2Ftags&post=75358"}],"curies":[{"name":"wp","href":"https:\/\/api.w.org\/{rel}","templated":true}]}}