{"id":75368,"date":"2024-12-10T13:42:57","date_gmt":"2024-12-10T19:42:57","guid":{"rendered":"https:\/\/zonaroja.com.mx\/?p=75368"},"modified":"2024-12-10T13:42:58","modified_gmt":"2024-12-10T19:42:58","slug":"elecciones-a-60-anos-de-sindicalismo-oaxaqueno","status":"publish","type":"post","link":"https:\/\/zonaroja.com.mx\/?p=75368","title":{"rendered":"Elecciones a 60 a\u00f1os de sindicalismo oaxaque\u00f1o"},"content":{"rendered":"\n<p>Zona Roja\/Antonio G. Sumano.<\/p>\n\n\n\n<p>Hoy, miles de empleados &#8211;adscritos a, los tres poderes del Gobierno del Estado&#8211; tendr\u00e1n lo que ser\u00e1 su d\u00e9cima dirigencia electa por votaciones.&nbsp;<\/p>\n\n\n\n<p>Dentro del sindicalismo gubernamental no existe una memoria como tal. S\u00f3lo retazos y recuerdos de empleados jubilados que ofrecen atisbos de lo que fueron los inicios de este movimiento que, hoy d\u00eda, se mueve por intereses particulares, monetarios e incluso, pol\u00edticos.<\/p>\n\n\n\n<p>BREVE HISTORIA<\/p>\n\n\n\n<p>En la perdida memoria se sabe que en1944 nace la Uni\u00f3n de Trabajadores del Gobierno del Estado. El objetivo estar agrupados para actividades sociales y laborales.&nbsp;<\/p>\n\n\n\n<p>Es hasta 1978 en que la \u201cUni\u00f3n de Trabajadores\u201d es &nbsp;reconocida, con el registro n\u00famero uno, como Sindicato de Trabajadores de los Poderes del Estado e Instituciones Descentralizadas de Car\u00e1cter Estatal de Oaxaca (STPEIDCEO).&nbsp;<\/p>\n\n\n\n<p>La toma de nota les fue otorgada el 14 de diciembre de ese a\u00f1o. Juan Antonio Hern\u00e1ndez, se convierte en el primer secretario general de esa gremial.<\/p>\n\n\n\n<p>Para 1981 se da el llamado \u201cGolpe de estado\u201d de Reveriano Chagoya Corres que dura en el poder 13 a\u00f1os.<\/p>\n\n\n\n<p>El reinado de Reveriano se derrumba, por rencillas con el gobernador Diodoro Carrasco Alamirano, en junio de 1994. Lo sustituye brevemente Rene\u00e9 Reyes que transita de junio a diciembre para que, a finales de ese a\u00f1o, los trabajadores eligen a H\u00e9ctor Caballero Juli\u00e1n.<\/p>\n\n\n\n<p>En los recuerdos de la gente jubilada se enlistan las directivas de \u00c1ngel Mart\u00ednez Garc\u00eda; Oliverio Neri L\u00f3pez; Ad\u00e1n L\u00f3pez Cruz; Joel Castillo P\u00e9rez; V\u00edctor Hern\u00e1ndez Bustamante; Juan Rafael Rosas Herrera; Felipe Cruz Pinacho; Juan Ignacio Cruz Villanueva y Pedro Castillejos Villalobos.<\/p>\n\n\n\n<p>LA HERENCIA<\/p>\n\n\n\n<p>Los extrabajadores tambi\u00e9n hacen un recuento del legado de cada dirigencia:<\/p>\n\n\n\n<p>A Reveriano Chagoya le reconocen su primer edificio sindical y la conquista de la mayor\u00eda de las prestaciones que hoy beneficia a la base bur\u00f3crata. De H\u00e9ctor Caballero reconocen su logro de basificar a trabajadores del nivel tres.<\/p>\n\n\n\n<p>De \u00c1ngel Mart\u00ednez, dicen, su herencia fue la apertura democr\u00e1tica al obtener la modificaci\u00f3n del art\u00edculo 21 estatutario que permiti\u00f3 elecciones por planillas. &nbsp;Oliverio Neri, pas\u00f3 sin pena ni gloria, a excepci\u00f3n e esc\u00e1ndalos.<\/p>\n\n\n\n<p>Joel Castillo dej\u00f3 un nuevo edificio sindical y se hicieron asambleas generales, cosa que no se ha hecho en las \u00faltimas dirigencias. V\u00edctor Hern\u00e1ndez, solo sostuvo el 9 por ciento de incremento salarial que comit\u00e9s anteriores hab\u00edan obtenido.<\/p>\n\n\n\n<p>De Juan Rosas, Felipe Cruz y Juan Ignacio solo dicen que ellos fueron los causales de que el poder adquisitivos de los trabajadores perdieran el 40 por ciento. Y del que va a entregar, Pedro Castillejos quiz\u00e1 su m\u00e9rito haya sido sacudirse, al \u00faltimo, la influencia de Rosas Herrera.<\/p>\n\n\n\n<p>Con ese breve repaso sindical, hoy los bur\u00f3cratas eligen a su comit\u00e9 directivo. Nueva generaci\u00f3n de empleados que tambi\u00e9n escribir\u00e1n su propia p\u00e1gina, su propia historia gremial.<\/p>\n","protected":false},"excerpt":{"rendered":"<p>Zona Roja\/Antonio G. Sumano. Hoy, miles de empleados &#8211;adscritos a, los tres poderes del Gobierno&hellip;<\/p>\n","protected":false},"author":2,"featured_media":75369,"comment_status":"closed","ping_status":"open","sticky":false,"template":"","format":"standard","meta":{"_lmt_disableupdate":"","_lmt_disable":"","_jetpack_memberships_contains_paid_content":false,"footnotes":""},"categories":[109,46],"tags":[972],"class_list":["post-75368","post","type-post","status-publish","format-standard","has-post-thumbnail","hentry","category-minuto-a-minuto","category-zona-blanca","tag-stpeidceo"],"jetpack_featured_media_url":"https:\/\/zonaroja.com.mx\/wp-content\/uploads\/2024\/12\/Sindicato-STPEIDCEO.jpg","jetpack_sharing_enabled":true,"_links":{"self":[{"href":"https:\/\/zonaroja.com.mx\/index.php?rest_route=\/wp\/v2\/posts\/75368","targetHints":{"allow":["GET"]}}],"collection":[{"href":"https:\/\/zonaroja.com.mx\/index.php?rest_route=\/wp\/v2\/posts"}],"about":[{"href":"https:\/\/zonaroja.com.mx\/index.php?rest_route=\/wp\/v2\/types\/post"}],"author":[{"embeddable":true,"href":"https:\/\/zonaroja.com.mx\/index.php?rest_route=\/wp\/v2\/users\/2"}],"replies":[{"embeddable":true,"href":"https:\/\/zonaroja.com.mx\/index.php?rest_route=%2Fwp%2Fv2%2Fcomments&post=75368"}],"version-history":[{"count":1,"href":"https:\/\/zonaroja.com.mx\/index.php?rest_route=\/wp\/v2\/posts\/75368\/revisions"}],"predecessor-version":[{"id":75370,"href":"https:\/\/zonaroja.com.mx\/index.php?rest_route=\/wp\/v2\/posts\/75368\/revisions\/75370"}],"wp:featuredmedia":[{"embeddable":true,"href":"https:\/\/zonaroja.com.mx\/index.php?rest_route=\/wp\/v2\/media\/75369"}],"wp:attachment":[{"href":"https:\/\/zonaroja.com.mx\/index.php?rest_route=%2Fwp%2Fv2%2Fmedia&parent=75368"}],"wp:term":[{"taxonomy":"category","embeddable":true,"href":"https:\/\/zonaroja.com.mx\/index.php?rest_route=%2Fwp%2Fv2%2Fcategories&post=75368"},{"taxonomy":"post_tag","embeddable":true,"href":"https:\/\/zonaroja.com.mx\/index.php?rest_route=%2Fwp%2Fv2%2Ftags&post=75368"}],"curies":[{"name":"wp","href":"https:\/\/api.w.org\/{rel}","templated":true}]}}