{"id":75373,"date":"2024-12-10T18:54:26","date_gmt":"2024-12-11T00:54:26","guid":{"rendered":"https:\/\/zonaroja.com.mx\/?p=75373"},"modified":"2025-05-12T05:17:46","modified_gmt":"2025-05-12T11:17:46","slug":"elevar-a-rango-constitucional-programas-sociales-de-jara-propone-diputado-juan-marcelino","status":"publish","type":"post","link":"https:\/\/zonaroja.com.mx\/?p=75373","title":{"rendered":"Elevar a rango constitucional programas sociales de Jara, propone diputado Juan Marcelino&nbsp;"},"content":{"rendered":"\n<p>Redacci\u00f3n\/Zona Roja.&nbsp;<\/p>\n\n\n\n<p>San Raymundo Jalpan, Oax., 10 de diciembre de 2024.- &nbsp;El diputado Juan Marcelino S\u00e1nchez Valdivieso propuso hoy &nbsp;ante el pleno del Congreso del Estado de Oaxaca elevar a rango constitucional los programas sociales m\u00e1s relevantes de la administraci\u00f3n del gobernador Salom\u00f3n Jara Cruz.&nbsp;<\/p>\n\n\n\n<p>La iniciativa, que pretende reformar el tercer p\u00e1rrafo del art\u00edculo 12 de la Constituci\u00f3n local, busca que el estado garantice los derechos de las y los j\u00f3venes, as\u00ed como de las mujeres jefas de familias.&nbsp;<\/p>\n\n\n\n<p>\u201cA pesar del reconocimiento de las condiciones precarias de los sectores m\u00e1s vulnerables de Oaxaca, por diversos gobiernos estatales anteriores, ha sido en la actual administraci\u00f3n de nuestro gobernador Salom\u00f3n Jara Cruz quien ha tomado acciones para saldar la deuda hist\u00f3rica que se tiene con las juventudes y las mujeres\u201d, destac\u00f3.&nbsp;<\/p>\n\n\n\n<p>Juan Marcelino inform\u00f3 que los programas sociales estatales que se buscan elevar a rango constitucional se encuentran el de \u201cMi Primera Chamba\u201d, que durante el 2024 benefici\u00f3 a 4 mil 166 j\u00f3venes egresados de las universidades.<\/p>\n\n\n\n<p>Otro de los programas es \u201cTarjeta Joven\u201d, que tiene por objetivo el incrementar las oportunidades de desarrollo cultural, art\u00edstico, deportivo y de sano esparcimiento a la poblaci\u00f3n joven de 18 a 20 a\u00f1os de edad.<\/p>\n\n\n\n<p>S\u00e1nchez Valdivieso reconoci\u00f3 a la \u201cPrimavera Oaxaque\u00f1a\u201d, como el primer gobierno humanista y sensible con las mujeres jefas de familia, por lo que, a\u00f1adi\u00f3 que otra de las propuestas que busca elevar a rango constitucional es el programa \u201cTarjeta Magrita Maza\u201d que tiene por objetivo el contribuir a mejorar el nivel de ingreso de las jefas de familia.<\/p>\n\n\n\n<p>El diputado local destac\u00f3 la importancia de establecer estas pol\u00edticas sociales como derecho constitucional para asegurar su continuidad, fortalecimiento y permanencia, blind\u00e1ndolos de cambios pol\u00edticos o administrativos.<\/p>\n\n\n\n<p>Finalmente, reiter\u00f3 su compromiso de legislar por el bien de las y los oaxaque\u00f1os, porque con la construcci\u00f3n del Segundo Piso de la Cuarta Transformaci\u00f3n en M\u00e9xico y Oaxaca, lo mejor est\u00e1 por venir.<\/p>\n\n\n\n<p><\/p>\n","protected":false},"excerpt":{"rendered":"<p>Redacci\u00f3n\/Zona Roja.&nbsp; San Raymundo Jalpan, Oax., 10 de diciembre de 2024.- &nbsp;El diputado Juan Marcelino&hellip;<\/p>\n","protected":false},"author":2,"featured_media":75372,"comment_status":"closed","ping_status":"open","sticky":false,"template":"","format":"standard","meta":{"_lmt_disableupdate":"","_lmt_disable":"","_jetpack_memberships_contains_paid_content":false,"footnotes":""},"categories":[109,46],"tags":[],"class_list":["post-75373","post","type-post","status-publish","format-standard","has-post-thumbnail","hentry","category-minuto-a-minuto","category-zona-blanca"],"jetpack_featured_media_url":"https:\/\/zonaroja.com.mx\/wp-content\/uploads\/2024\/12\/30e87998-4a81-4632-b309-91a8a050ae14-1.jpg","jetpack_sharing_enabled":true,"_links":{"self":[{"href":"https:\/\/zonaroja.com.mx\/index.php?rest_route=\/wp\/v2\/posts\/75373","targetHints":{"allow":["GET"]}}],"collection":[{"href":"https:\/\/zonaroja.com.mx\/index.php?rest_route=\/wp\/v2\/posts"}],"about":[{"href":"https:\/\/zonaroja.com.mx\/index.php?rest_route=\/wp\/v2\/types\/post"}],"author":[{"embeddable":true,"href":"https:\/\/zonaroja.com.mx\/index.php?rest_route=\/wp\/v2\/users\/2"}],"replies":[{"embeddable":true,"href":"https:\/\/zonaroja.com.mx\/index.php?rest_route=%2Fwp%2Fv2%2Fcomments&post=75373"}],"version-history":[{"count":1,"href":"https:\/\/zonaroja.com.mx\/index.php?rest_route=\/wp\/v2\/posts\/75373\/revisions"}],"predecessor-version":[{"id":75374,"href":"https:\/\/zonaroja.com.mx\/index.php?rest_route=\/wp\/v2\/posts\/75373\/revisions\/75374"}],"wp:featuredmedia":[{"embeddable":true,"href":"https:\/\/zonaroja.com.mx\/index.php?rest_route=\/wp\/v2\/media\/75372"}],"wp:attachment":[{"href":"https:\/\/zonaroja.com.mx\/index.php?rest_route=%2Fwp%2Fv2%2Fmedia&parent=75373"}],"wp:term":[{"taxonomy":"category","embeddable":true,"href":"https:\/\/zonaroja.com.mx\/index.php?rest_route=%2Fwp%2Fv2%2Fcategories&post=75373"},{"taxonomy":"post_tag","embeddable":true,"href":"https:\/\/zonaroja.com.mx\/index.php?rest_route=%2Fwp%2Fv2%2Ftags&post=75373"}],"curies":[{"name":"wp","href":"https:\/\/api.w.org\/{rel}","templated":true}]}}