{"id":75380,"date":"2024-12-11T08:21:00","date_gmt":"2024-12-11T14:21:00","guid":{"rendered":"https:\/\/zonaroja.com.mx\/?p=75380"},"modified":"2024-12-11T07:41:21","modified_gmt":"2024-12-11T13:41:21","slug":"tras-violencia-nada-para-nadie-en-sindicato-de-burocratas","status":"publish","type":"post","link":"https:\/\/zonaroja.com.mx\/?p=75380","title":{"rendered":"Tras violencia, nada para nadie en sindicato de bur\u00f3cratas"},"content":{"rendered":"\n<p>Ismael Garcia M.\/Zona Roja.<\/p>\n\n\n\n<p>Oaxaca de Ju\u00e1rez, Oax., a 11 de diciembre de 2024.- Tras los hechos violentos de la tarde-noche de ayer en diversos puntos de la ciudad de Oaxaca, hasta ahora no hay planilla ganadora del comit\u00e9 ejecutivo del Sindicato de Trabajadores de los Poderes del Estado e Instituciones Descentralizadas de Car\u00e1cter Estatal (STPEIDCEO).<\/p>\n\n\n\n<p>La irrupci\u00f3n de un grupo violento en la sede del DIF estatal, en la colonia Alem\u00e1n de la capital, gener\u00f3 p\u00e1nico por el robo de urnas y quema de boletas, por parte de un grupo de j\u00f3venes.<\/p>\n\n\n\n<p>Presuntamente son \u201cporros\u201d, enviados \u2014de acuerdo con la planilla Rosa\u2014 por seguidores de la planilla Blanca y por No\u00e9 Jara Cruz; la polic\u00eda que resguardaba la zona actu\u00f3 con pasividad y permiti\u00f3 el ingreso de las personas; s\u00f3lo a la salida efectu\u00f3 al menos dos detenciones.<\/p>\n\n\n\n<p>En otras sedes, como el parque Primavera y el Centro de Convenciones, los trabajadores de base del gobierno estatal reportaron tambi\u00e9n grupos de \u201cporros\u201d merodeando la zona con la finalidad de causar desmanes.<\/p>\n\n\n\n<p>Por la noche, el Gobierno del Estado de Oaxaca emiti\u00f3 un comunicado en que llam\u00f3 a las bases a dirimir sus conflictos internos en civilidad y con orden.<\/p>\n\n\n\n<p>Previo a ello, ambas planillas dieron sus respectivas conferencias de prensa y, de acuerdo con la Rosa, llevaban una ventaja de aproximadamente 300 votos con el 90 por ciento de las casillas computadas.<\/p>\n\n\n\n<p>Seg\u00fan la planilla Blanca, lograron el triunfo pero esperar\u00edan el conteo oficial de la Comisi\u00f3n Electoral sindical; denunciaron que los \u201cporros\u201d fueron enviados por gente de Juan Rafael Rosas Herrera, ex dirigente del gremio y actual regidor del ayuntamiento de Oaxaca de Ju\u00e1rez.<\/p>\n\n\n\n<p>Ayer de las 09:00 a las 16:00 horas se efectu\u00f3 la jornada electoral, que transcurri\u00f3 en calma y con mucha participaci\u00f3n; para ello se situaron seis sedes de votaciones en los Valles Centrales y el seis en el interior del estado.<\/p>\n\n\n\n<p>Hasta el momento no hay definici\u00f3n respecto a la planilla ganadora y esta ma\u00f1ana se denunci\u00f3 que la Comisi\u00f3n Electoral se neg\u00f3 a recibir las casillas faltantes para contabilizar los votos, por lo cual un grupo de trabajadores tuvo que pernoctar en el exterior de la sede sindical, en resguardo de las papeletas.<\/p>\n","protected":false},"excerpt":{"rendered":"<p>Ismael Garcia M.\/Zona Roja. Oaxaca de Ju\u00e1rez, Oax., a 11 de diciembre de 2024.- Tras&hellip;<\/p>\n","protected":false},"author":2,"featured_media":75387,"comment_status":"closed","ping_status":"open","sticky":false,"template":"","format":"standard","meta":{"_lmt_disableupdate":"","_lmt_disable":"","_jetpack_memberships_contains_paid_content":false,"footnotes":""},"categories":[109,47],"tags":[972],"class_list":["post-75380","post","type-post","status-publish","format-standard","has-post-thumbnail","hentry","category-minuto-a-minuto","category-zona-gris","tag-stpeidceo"],"jetpack_featured_media_url":"https:\/\/zonaroja.com.mx\/wp-content\/uploads\/2024\/12\/Sindicato-de-burocratas-elecciones.jpg","jetpack_sharing_enabled":true,"_links":{"self":[{"href":"https:\/\/zonaroja.com.mx\/index.php?rest_route=\/wp\/v2\/posts\/75380","targetHints":{"allow":["GET"]}}],"collection":[{"href":"https:\/\/zonaroja.com.mx\/index.php?rest_route=\/wp\/v2\/posts"}],"about":[{"href":"https:\/\/zonaroja.com.mx\/index.php?rest_route=\/wp\/v2\/types\/post"}],"author":[{"embeddable":true,"href":"https:\/\/zonaroja.com.mx\/index.php?rest_route=\/wp\/v2\/users\/2"}],"replies":[{"embeddable":true,"href":"https:\/\/zonaroja.com.mx\/index.php?rest_route=%2Fwp%2Fv2%2Fcomments&post=75380"}],"version-history":[{"count":2,"href":"https:\/\/zonaroja.com.mx\/index.php?rest_route=\/wp\/v2\/posts\/75380\/revisions"}],"predecessor-version":[{"id":75388,"href":"https:\/\/zonaroja.com.mx\/index.php?rest_route=\/wp\/v2\/posts\/75380\/revisions\/75388"}],"wp:featuredmedia":[{"embeddable":true,"href":"https:\/\/zonaroja.com.mx\/index.php?rest_route=\/wp\/v2\/media\/75387"}],"wp:attachment":[{"href":"https:\/\/zonaroja.com.mx\/index.php?rest_route=%2Fwp%2Fv2%2Fmedia&parent=75380"}],"wp:term":[{"taxonomy":"category","embeddable":true,"href":"https:\/\/zonaroja.com.mx\/index.php?rest_route=%2Fwp%2Fv2%2Fcategories&post=75380"},{"taxonomy":"post_tag","embeddable":true,"href":"https:\/\/zonaroja.com.mx\/index.php?rest_route=%2Fwp%2Fv2%2Ftags&post=75380"}],"curies":[{"name":"wp","href":"https:\/\/api.w.org\/{rel}","templated":true}]}}