{"id":75383,"date":"2024-12-11T09:22:00","date_gmt":"2024-12-11T15:22:00","guid":{"rendered":"https:\/\/zonaroja.com.mx\/?p=75383"},"modified":"2024-12-11T07:27:29","modified_gmt":"2024-12-11T13:27:29","slug":"participa-oaxaca-en-reunion-nacional-de-seguridad-encabezada-por-sheinbaum","status":"publish","type":"post","link":"https:\/\/zonaroja.com.mx\/?p=75383","title":{"rendered":"Participa Oaxaca en reuni\u00f3n nacional de seguridad, encabezada por Sheinbaum"},"content":{"rendered":"\n<p>Redacci\u00f3n\/Zona Roja.<\/p>\n\n\n\n<p>Oaxaca de Ju\u00e1rez, Oax., a 11 de diciembre de 2024.- Al asistir a la Quincuag\u00e9sima Sesi\u00f3n Ordinaria del Consejo Nacional de Seguridad P\u00fablica que encabez\u00f3 en Acapulco, Guerrero, la Presidenta de M\u00e9xico, Claudia Sheinbaum Pardo, el gobernador de Oaxaca, Salom\u00f3n Jara Cruz, refrend\u00f3 el compromiso de su administraci\u00f3n para fortalecer la paz y seguridad de la entidad.<\/p>\n\n\n\n<p>Ante las y los titulares de las secretar\u00edas de Gobernaci\u00f3n (Segob), de la Defensa Nacional (Defensa), de Seguridad y Protecci\u00f3n Ciudadana (SSPC) y de Marina (Semar), as\u00ed como de la Fiscal\u00eda General de la Rep\u00fablica (FGR), se inform\u00f3 sobre el trabajo coordinado para garantizar el bienestar de las familias.<\/p>\n\n\n\n<p>En este marco, el mandatario estatal asever\u00f3 que su administraci\u00f3n trabaja como nunca para mantener la paz y seguridad en los 570 municipios de las ocho regiones e inform\u00f3 sobre los avances que se tienen en materia y que han permitido que la entidad se encuentre dentro de los cinco estados m\u00e1s seguros del pa\u00eds.<\/p>\n\n\n\n<p>Destac\u00f3 que dentro de las acciones implementadas por la Primavera Oaxaque\u00f1a para mejorar la seguridad p\u00fablica destaca una inversi\u00f3n hist\u00f3rica de 355 millones de pesos en la materia; derivado del fortalecimiento a la labor policiaca, la percepci\u00f3n de inseguridad en el estado baj\u00f3 de 74.4 a 68.5 por ciento.<\/p>\n\n\n\n<p>Otro plan estrat\u00e9gico para reforzar la seguridad y sobre todo promover la profesionalizaci\u00f3n, dignificaci\u00f3n y desarrollo de polic\u00edas, es la construcci\u00f3n de la Universidad de la Seguridad P\u00fablica y Paz Social, adem\u00e1s de la mejora a los salarios de los cuerpos policiacos.<\/p>\n\n\n\n<p>En el encuentro se destac\u00f3 la reducci\u00f3n a nivel nacional en los \u00edndices de homicidios dolosos de 2019 a la fecha de un 17.4 por ciento. En el caso de Oaxaca, de enero a noviembre de 2024, se registraron 939 homicidios dolosos.<\/p>\n\n\n\n<p>TRABAJO COORDINADO&nbsp;<\/p>\n\n\n\n<p>En su oportunidad la Presidenta Claudia Sheinbaum Pardo convoc\u00f3 a trabajar de manera coordinada con las entidades federativas para fortalecer la paz social que demanda la ciudadan\u00eda.<\/p>\n\n\n\n<p>Ofreci\u00f3 el apoyo a las y los gobernadores en la estrategia de seguridad para impulsar acciones que permitan seguir transformando el desarrollo del pa\u00eds.<\/p>\n\n\n\n<p>Al final de esta reuni\u00f3n, el mandatario estatal particip\u00f3 en un encuentro de la Conferencia Nacional de Gobernadores (Conago).<\/p>\n","protected":false},"excerpt":{"rendered":"<p>Redacci\u00f3n\/Zona Roja. Oaxaca de Ju\u00e1rez, Oax., a 11 de diciembre de 2024.- Al asistir a&hellip;<\/p>\n","protected":false},"author":2,"featured_media":75384,"comment_status":"closed","ping_status":"open","sticky":false,"template":"","format":"standard","meta":{"_lmt_disableupdate":"","_lmt_disable":"","_jetpack_memberships_contains_paid_content":false,"footnotes":""},"categories":[109,46],"tags":[939],"class_list":["post-75383","post","type-post","status-publish","format-standard","has-post-thumbnail","hentry","category-minuto-a-minuto","category-zona-blanca","tag-salomon-jara-cruz"],"jetpack_featured_media_url":"https:\/\/zonaroja.com.mx\/wp-content\/uploads\/2024\/12\/Refrenda-Gobierno-de-Oaxaca-compromiso-por-mantener-la-paz-y-seguridad-de-la-entidad-1.jpg","jetpack_sharing_enabled":true,"_links":{"self":[{"href":"https:\/\/zonaroja.com.mx\/index.php?rest_route=\/wp\/v2\/posts\/75383","targetHints":{"allow":["GET"]}}],"collection":[{"href":"https:\/\/zonaroja.com.mx\/index.php?rest_route=\/wp\/v2\/posts"}],"about":[{"href":"https:\/\/zonaroja.com.mx\/index.php?rest_route=\/wp\/v2\/types\/post"}],"author":[{"embeddable":true,"href":"https:\/\/zonaroja.com.mx\/index.php?rest_route=\/wp\/v2\/users\/2"}],"replies":[{"embeddable":true,"href":"https:\/\/zonaroja.com.mx\/index.php?rest_route=%2Fwp%2Fv2%2Fcomments&post=75383"}],"version-history":[{"count":1,"href":"https:\/\/zonaroja.com.mx\/index.php?rest_route=\/wp\/v2\/posts\/75383\/revisions"}],"predecessor-version":[{"id":75385,"href":"https:\/\/zonaroja.com.mx\/index.php?rest_route=\/wp\/v2\/posts\/75383\/revisions\/75385"}],"wp:featuredmedia":[{"embeddable":true,"href":"https:\/\/zonaroja.com.mx\/index.php?rest_route=\/wp\/v2\/media\/75384"}],"wp:attachment":[{"href":"https:\/\/zonaroja.com.mx\/index.php?rest_route=%2Fwp%2Fv2%2Fmedia&parent=75383"}],"wp:term":[{"taxonomy":"category","embeddable":true,"href":"https:\/\/zonaroja.com.mx\/index.php?rest_route=%2Fwp%2Fv2%2Fcategories&post=75383"},{"taxonomy":"post_tag","embeddable":true,"href":"https:\/\/zonaroja.com.mx\/index.php?rest_route=%2Fwp%2Fv2%2Ftags&post=75383"}],"curies":[{"name":"wp","href":"https:\/\/api.w.org\/{rel}","templated":true}]}}