{"id":75397,"date":"2024-12-11T13:53:00","date_gmt":"2024-12-11T19:53:00","guid":{"rendered":"https:\/\/zonaroja.com.mx\/?p=75397"},"modified":"2024-12-11T08:54:47","modified_gmt":"2024-12-11T14:54:47","slug":"presupuesto-2025-aprobado-refleja-compromiso-con-bienestar-de-las-familias-jara","status":"publish","type":"post","link":"https:\/\/zonaroja.com.mx\/?p=75397","title":{"rendered":"Presupuesto 2025 aprobado, refleja compromiso con bienestar de las familias: Jara"},"content":{"rendered":"\n<p>Redacci\u00f3n\/Zona Roja.<\/p>\n\n\n\n<p>Oaxaca de Ju\u00e1rez, Oax. 11 de diciembre de 2024.- El gobernador Salom\u00f3n Jara Cruz reconoci\u00f3 a las y los diputados de la 66 Legislatura del Congreso del Estado por anteponer el inter\u00e9s del pueblo de Oaxaca al aprobar el Paquete Econ\u00f3mico para el Ejercicio Fiscal 2025, el cual est\u00e1 alineado con un plan de austeridad y prioriza los programas sociales.&nbsp;<\/p>\n\n\n\n<p>\u201cReconozco a las diputadas y diputados del Congreso del Estado quienes aprobaron el presupuesto para el Ejercicio Fiscal 2025, esto representa un paso significativo hacia el desarrollo y bienestar de nuestros pueblos y comunidades, asegurando que los recursos se destinen de manera eficiente y equitativa para atender las necesidades de las y los oaxaque\u00f1os\u201d, expres\u00f3 el mandatario estatal.&nbsp;<\/p>\n\n\n\n<p>Detall\u00f3 que el pr\u00f3ximo a\u00f1o se har\u00e1 una inversi\u00f3n hist\u00f3rica en programas sociales, destinando 4 mil 491 millones de pesos; para el campo oaxaque\u00f1o y la recuperaci\u00f3n de \u00e1reas forestales se contemplan 955 millones de pesos, tambi\u00e9n habr\u00e1 montos significativos en la mejora de caminos, en educaci\u00f3n, en el impulso a las juventudes y en apoyos a las mujeres oaxaque\u00f1as.&nbsp;<\/p>\n\n\n\n<p>En atenci\u00f3n m\u00e9dica se destinar\u00e1n 74 millones de pesos a trav\u00e9s de las Farmacias Bienestar, y en seguridad p\u00fablica y procuraci\u00f3n de justicia se aplicar\u00e1n 4 mil 224 millones de pesos.&nbsp;<\/p>\n\n\n\n<p>Para el gobierno de Salom\u00f3n Jara las juventudes son una prioridad, por lo que se contemplan 550 millones de pesos a trav\u00e9s de diversos programas para impulsar a este sector.&nbsp;<\/p>\n\n\n\n<p>Con esta acci\u00f3n la Primavera Oaxaque\u00f1a continuar\u00e1 saldando la deuda hist\u00f3rica con los pueblos y comunidades de la entidad, que por a\u00f1os fueron olvidadas.&nbsp;<\/p>\n","protected":false},"excerpt":{"rendered":"<p>Redacci\u00f3n\/Zona Roja. Oaxaca de Ju\u00e1rez, Oax. 11 de diciembre de 2024.- El gobernador Salom\u00f3n Jara&hellip;<\/p>\n","protected":false},"author":2,"featured_media":73677,"comment_status":"closed","ping_status":"open","sticky":false,"template":"","format":"standard","meta":{"_lmt_disableupdate":"","_lmt_disable":"","_jetpack_memberships_contains_paid_content":false,"footnotes":""},"categories":[109,46],"tags":[2441],"class_list":["post-75397","post","type-post","status-publish","format-standard","has-post-thumbnail","hentry","category-minuto-a-minuto","category-zona-blanca","tag-salmon-jara-cruz"],"jetpack_featured_media_url":"https:\/\/zonaroja.com.mx\/wp-content\/uploads\/2024\/10\/Salomon-Jara-Cruz.jpg","jetpack_sharing_enabled":true,"_links":{"self":[{"href":"https:\/\/zonaroja.com.mx\/index.php?rest_route=\/wp\/v2\/posts\/75397","targetHints":{"allow":["GET"]}}],"collection":[{"href":"https:\/\/zonaroja.com.mx\/index.php?rest_route=\/wp\/v2\/posts"}],"about":[{"href":"https:\/\/zonaroja.com.mx\/index.php?rest_route=\/wp\/v2\/types\/post"}],"author":[{"embeddable":true,"href":"https:\/\/zonaroja.com.mx\/index.php?rest_route=\/wp\/v2\/users\/2"}],"replies":[{"embeddable":true,"href":"https:\/\/zonaroja.com.mx\/index.php?rest_route=%2Fwp%2Fv2%2Fcomments&post=75397"}],"version-history":[{"count":1,"href":"https:\/\/zonaroja.com.mx\/index.php?rest_route=\/wp\/v2\/posts\/75397\/revisions"}],"predecessor-version":[{"id":75398,"href":"https:\/\/zonaroja.com.mx\/index.php?rest_route=\/wp\/v2\/posts\/75397\/revisions\/75398"}],"wp:featuredmedia":[{"embeddable":true,"href":"https:\/\/zonaroja.com.mx\/index.php?rest_route=\/wp\/v2\/media\/73677"}],"wp:attachment":[{"href":"https:\/\/zonaroja.com.mx\/index.php?rest_route=%2Fwp%2Fv2%2Fmedia&parent=75397"}],"wp:term":[{"taxonomy":"category","embeddable":true,"href":"https:\/\/zonaroja.com.mx\/index.php?rest_route=%2Fwp%2Fv2%2Fcategories&post=75397"},{"taxonomy":"post_tag","embeddable":true,"href":"https:\/\/zonaroja.com.mx\/index.php?rest_route=%2Fwp%2Fv2%2Ftags&post=75397"}],"curies":[{"name":"wp","href":"https:\/\/api.w.org\/{rel}","templated":true}]}}