{"id":75400,"date":"2024-12-11T19:47:57","date_gmt":"2024-12-12T01:47:57","guid":{"rendered":"https:\/\/zonaroja.com.mx\/?p=75400"},"modified":"2024-12-11T20:00:26","modified_gmt":"2024-12-12T02:00:26","slug":"imparable-la-violencia-en-tehuantepec-un-ejecutado-y-robo-de-moto","status":"publish","type":"post","link":"https:\/\/zonaroja.com.mx\/?p=75400","title":{"rendered":"Imparable la violencia en Tehuantepec: un ejecutado y robo de moto"},"content":{"rendered":"\n<p>Raymundo Morales\/Zona Roja. Foto: ADN Sureste.<\/p>\n\n\n\n<p>Oaxaca de Ju\u00e1rez, Oax., a 11 de diciembre de 2024.- Ante el abandono de la autoridad por parte de la presidenta municipal Vilma Mart\u00ednez Cort\u00e9s, quien a inicios del a\u00f1o asumir\u00e1 un cargo en el Gobierno del Estado de Oaxaca, en Santo Domingo Tehuantepec la violencia criminal crece.<\/p>\n\n\n\n<p>Esta ma\u00f1ana, en la carretera Panamericana, a la altura del llamado puente de fierro, una persona del sexo masculino fue ejecutada a balazos, en el interior de su veh\u00edculo.<\/p>\n\n\n\n<p>La v\u00edctima, hasta ahora no identificada, transitaba con su camioneta marca Volkswagen, color blanco, cuando presuntamente desde una motocicleta le dispararon de manera directa, por lo cual perdi\u00f3 la vida de inmediato.<\/p>\n\n\n\n<p>La Vicefiscal\u00eda Regional del Istmo contin\u00faa con las indagatorias y hasta el momento no hay m\u00e1s datos que aporten al esclarecimiento del crimen.<\/p>\n\n\n\n<p>Por otra parte, esta noche, a las afueras de la tienda Aurrer\u00e1 de Tehuantepec, ubicada a un costado de la carretera federal, sujetos desconocidos robaron una motocicleta.<\/p>\n\n\n\n<p>La v\u00edctima dio el aviso a los polic\u00edas y expuso que mientras ingres\u00f3 al establecimiento se llevaron la unidad de motor; pero los uniformados en lugar de indagar y realizar operativos de b\u00fasqueda, le dijeron que pusiera su denuncia ante el Ministerio P\u00fablico.<\/p>\n","protected":false},"excerpt":{"rendered":"<p>Raymundo Morales\/Zona Roja. Foto: ADN Sureste. Oaxaca de Ju\u00e1rez, Oax., a 11 de diciembre de&hellip;<\/p>\n","protected":false},"author":2,"featured_media":75401,"comment_status":"closed","ping_status":"open","sticky":false,"template":"","format":"standard","meta":{"_lmt_disableupdate":"","_lmt_disable":"","_jetpack_memberships_contains_paid_content":false,"footnotes":""},"categories":[109,47],"tags":[533],"class_list":["post-75400","post","type-post","status-publish","format-standard","has-post-thumbnail","hentry","category-minuto-a-minuto","category-zona-gris","tag-asesinado-en-tehuantepec"],"jetpack_featured_media_url":"https:\/\/zonaroja.com.mx\/wp-content\/uploads\/2024\/12\/GeidwMDXkAI0ZxU.jpeg","jetpack_sharing_enabled":true,"_links":{"self":[{"href":"https:\/\/zonaroja.com.mx\/index.php?rest_route=\/wp\/v2\/posts\/75400","targetHints":{"allow":["GET"]}}],"collection":[{"href":"https:\/\/zonaroja.com.mx\/index.php?rest_route=\/wp\/v2\/posts"}],"about":[{"href":"https:\/\/zonaroja.com.mx\/index.php?rest_route=\/wp\/v2\/types\/post"}],"author":[{"embeddable":true,"href":"https:\/\/zonaroja.com.mx\/index.php?rest_route=\/wp\/v2\/users\/2"}],"replies":[{"embeddable":true,"href":"https:\/\/zonaroja.com.mx\/index.php?rest_route=%2Fwp%2Fv2%2Fcomments&post=75400"}],"version-history":[{"count":2,"href":"https:\/\/zonaroja.com.mx\/index.php?rest_route=\/wp\/v2\/posts\/75400\/revisions"}],"predecessor-version":[{"id":75403,"href":"https:\/\/zonaroja.com.mx\/index.php?rest_route=\/wp\/v2\/posts\/75400\/revisions\/75403"}],"wp:featuredmedia":[{"embeddable":true,"href":"https:\/\/zonaroja.com.mx\/index.php?rest_route=\/wp\/v2\/media\/75401"}],"wp:attachment":[{"href":"https:\/\/zonaroja.com.mx\/index.php?rest_route=%2Fwp%2Fv2%2Fmedia&parent=75400"}],"wp:term":[{"taxonomy":"category","embeddable":true,"href":"https:\/\/zonaroja.com.mx\/index.php?rest_route=%2Fwp%2Fv2%2Fcategories&post=75400"},{"taxonomy":"post_tag","embeddable":true,"href":"https:\/\/zonaroja.com.mx\/index.php?rest_route=%2Fwp%2Fv2%2Ftags&post=75400"}],"curies":[{"name":"wp","href":"https:\/\/api.w.org\/{rel}","templated":true}]}}