{"id":75404,"date":"2024-12-11T20:01:55","date_gmt":"2024-12-12T02:01:55","guid":{"rendered":"https:\/\/zonaroja.com.mx\/?p=75404"},"modified":"2024-12-11T20:01:57","modified_gmt":"2024-12-12T02:01:57","slug":"demandan-en-congreso-frenar-plagio-de-atuendo-femenino-de-tijaltepec","status":"publish","type":"post","link":"https:\/\/zonaroja.com.mx\/?p=75404","title":{"rendered":"Demandan en Congreso frenar plagio de atuendo femenino de Tijaltepec\u00a0"},"content":{"rendered":"\n<p>Redacci\u00f3n\/Zona Roja.<\/p>\n\n\n\n<p>Oaxaca de Ju\u00e1rez, Oax., a 11 de diciembre de 2024.- Ante casos de plagio de la iconograf\u00eda representativa de San Pablo Tijaltepec, el legislador Israel L\u00f3pez S\u00e1nchez propuso que el Congreso de Oaxaca declare como patrimonio cultural material e inmaterial del estado al atuendo tradicional de las mujeres de este municipio de la regi\u00f3n de la Mixteca.<\/p>\n\n\n\n<p>Frente al pleno, el representante popular expuso la urgencia de proteger el patrimonio de los pueblos ind\u00edgenas y afromexicano, y en este caso, el de San Pablo Tijaltepec derivado de la apropiaci\u00f3n que hacen las marcas internacionales de ropa, lo cual afecta directamente a las artesanas mixtecas a quienes les roban sus dise\u00f1os.&nbsp;<\/p>\n\n\n\n<p>De los hechos m\u00e1s recientes, dijo, est\u00e1 el de la empresa Dior, que en su colecci\u00f3n \u00abCrucero 2024\u00bb, utiliza en las prendas elementos significativos de San Pablo Tijaltepec, Tlaxiaco, pese a la existencia de leyes a nivel federal y estatal para la protecci\u00f3n del patrimonio cultural de las comunidades.&nbsp;<\/p>\n\n\n\n<p>\u00abAdem\u00e1s, no trabaja directamente con las artesanas (Dior), sino que lo hace a trav\u00e9s de la casa de dise\u00f1o Rocinante, que no pertenece a la comunidad\u00bb, se\u00f1al\u00f3 durante la sesi\u00f3n ordinaria.&nbsp;<\/p>\n\n\n\n<p>Por lo tanto, el legislador present\u00f3 una iniciativa con proyecto de decreto por el que la 66 Legislatura del Congreso de Oaxaca declara como patrimonio cultural material e inmaterial del estado el atuendo femenino tradicional completo de las mujeres de San Pablo Tijaltepec; as\u00ed como los conocimientos y t\u00e9cnicas, dise\u00f1os y bordados para la elaboraci\u00f3n de la blusa, la cual se confecciona con manta.<\/p>\n","protected":false},"excerpt":{"rendered":"<p>Redacci\u00f3n\/Zona Roja. Oaxaca de Ju\u00e1rez, Oax., a 11 de diciembre de 2024.- Ante casos de&hellip;<\/p>\n","protected":false},"author":2,"featured_media":75405,"comment_status":"closed","ping_status":"open","sticky":false,"template":"","format":"standard","meta":{"_lmt_disableupdate":"","_lmt_disable":"","_jetpack_memberships_contains_paid_content":false,"footnotes":""},"categories":[109,46],"tags":[4127],"class_list":["post-75404","post","type-post","status-publish","format-standard","has-post-thumbnail","hentry","category-minuto-a-minuto","category-zona-blanca","tag-israel-lopez-sanchez"],"jetpack_featured_media_url":"https:\/\/zonaroja.com.mx\/wp-content\/uploads\/2024\/12\/Israel-Lopez-Tialtepec.jpg","jetpack_sharing_enabled":true,"_links":{"self":[{"href":"https:\/\/zonaroja.com.mx\/index.php?rest_route=\/wp\/v2\/posts\/75404","targetHints":{"allow":["GET"]}}],"collection":[{"href":"https:\/\/zonaroja.com.mx\/index.php?rest_route=\/wp\/v2\/posts"}],"about":[{"href":"https:\/\/zonaroja.com.mx\/index.php?rest_route=\/wp\/v2\/types\/post"}],"author":[{"embeddable":true,"href":"https:\/\/zonaroja.com.mx\/index.php?rest_route=\/wp\/v2\/users\/2"}],"replies":[{"embeddable":true,"href":"https:\/\/zonaroja.com.mx\/index.php?rest_route=%2Fwp%2Fv2%2Fcomments&post=75404"}],"version-history":[{"count":1,"href":"https:\/\/zonaroja.com.mx\/index.php?rest_route=\/wp\/v2\/posts\/75404\/revisions"}],"predecessor-version":[{"id":75406,"href":"https:\/\/zonaroja.com.mx\/index.php?rest_route=\/wp\/v2\/posts\/75404\/revisions\/75406"}],"wp:featuredmedia":[{"embeddable":true,"href":"https:\/\/zonaroja.com.mx\/index.php?rest_route=\/wp\/v2\/media\/75405"}],"wp:attachment":[{"href":"https:\/\/zonaroja.com.mx\/index.php?rest_route=%2Fwp%2Fv2%2Fmedia&parent=75404"}],"wp:term":[{"taxonomy":"category","embeddable":true,"href":"https:\/\/zonaroja.com.mx\/index.php?rest_route=%2Fwp%2Fv2%2Fcategories&post=75404"},{"taxonomy":"post_tag","embeddable":true,"href":"https:\/\/zonaroja.com.mx\/index.php?rest_route=%2Fwp%2Fv2%2Ftags&post=75404"}],"curies":[{"name":"wp","href":"https:\/\/api.w.org\/{rel}","templated":true}]}}