{"id":75407,"date":"2024-12-11T20:30:00","date_gmt":"2024-12-12T02:30:00","guid":{"rendered":"https:\/\/zonaroja.com.mx\/?p=75407"},"modified":"2024-12-11T20:03:17","modified_gmt":"2024-12-12T02:03:17","slug":"asegura-morena-que-presupuesto-2025-de-oaxaca-es-con-sentido-humanista","status":"publish","type":"post","link":"https:\/\/zonaroja.com.mx\/?p=75407","title":{"rendered":"Asegura Morena que presupuesto 2025 de Oaxaca es con sentido humanista"},"content":{"rendered":"\n<p>Redacci\u00f3n\/Zona Roja.<\/p>\n\n\n\n<p>Oaxaca de Ju\u00e1rez, Oax., a 11 de diciembre de 2024.- El presupuesto para el a\u00f1o 2025 enviado por el gobernador Salom\u00f3n Jara Cruz y aprobado por el Congreso de Oaxaca, como nunca da muestra del humanismo y la sensibilidad que caracteriza a las autoridades y representantes de Morena, afirm\u00f3 el dirigente estatal del partido, Emmanuel Navarro.<\/p>\n\n\n\n<p>Luego de que la 65 Legislatura del Congreso local aprobara con 38 votos a favor el Paquete Fiscal 2025, el dirigente afirm\u00f3 que se le ha cumplido al pueblo.<\/p>\n\n\n\n<p>\u201cCon esta anuencia, el humanismo y la visi\u00f3n social que caracteriza al Gobierno de la Primavera Oaxaque\u00f1a se fortalece, por que contar\u00e1 con el recurso para atender las principales necesidades de la poblaci\u00f3n\u201d, afirm\u00f3.<\/p>\n\n\n\n<p>Emmanuel Navarro reconoci\u00f3 el consenso y debate generado al interior de la Diputaci\u00f3n local, porque esto legitima el presupuesto.&nbsp;<\/p>\n\n\n\n<p>El l\u00edder del partido guinda afirm\u00f3 que, el gobierno de Oaxaca no aumenta los impuestos ni genera nuevos, y tampoco incluye la contrataci\u00f3n de m\u00e1s deuda p\u00fablica.<\/p>\n\n\n\n<p>Resalt\u00f3 las bondades de este paquete que proyecta una inversi\u00f3n de 4 mil 491 millones en programas sociales, 955 millones en programas orientados al campo, as\u00ed como 40 mil 494 millones para la educaci\u00f3n p\u00fablica en todos los niveles.<\/p>\n\n\n\n<p>Asimismo, respald\u00f3 que la \u201cPrimavera Oaxaque\u00f1a\u201d invertir\u00e1 el pr\u00f3ximo a\u00f1o 800 millones para caminos, 550 millones para fortalecer a las juventudes oaxaque\u00f1as y 325 millones para impulsar los proyectos para las mujeres oaxaque\u00f1as.<\/p>\n","protected":false},"excerpt":{"rendered":"<p>Redacci\u00f3n\/Zona Roja. Oaxaca de Ju\u00e1rez, Oax., a 11 de diciembre de 2024.- El presupuesto para&hellip;<\/p>\n","protected":false},"author":2,"featured_media":75408,"comment_status":"closed","ping_status":"open","sticky":false,"template":"","format":"standard","meta":{"_lmt_disableupdate":"","_lmt_disable":"","_jetpack_memberships_contains_paid_content":false,"footnotes":""},"categories":[109,47],"tags":[4128],"class_list":["post-75407","post","type-post","status-publish","format-standard","has-post-thumbnail","hentry","category-minuto-a-minuto","category-zona-gris","tag-emmanuel-navarro-jara"],"jetpack_featured_media_url":"https:\/\/zonaroja.com.mx\/wp-content\/uploads\/2024\/12\/Emmanuel-Navarro-Jara.jpg","jetpack_sharing_enabled":true,"_links":{"self":[{"href":"https:\/\/zonaroja.com.mx\/index.php?rest_route=\/wp\/v2\/posts\/75407","targetHints":{"allow":["GET"]}}],"collection":[{"href":"https:\/\/zonaroja.com.mx\/index.php?rest_route=\/wp\/v2\/posts"}],"about":[{"href":"https:\/\/zonaroja.com.mx\/index.php?rest_route=\/wp\/v2\/types\/post"}],"author":[{"embeddable":true,"href":"https:\/\/zonaroja.com.mx\/index.php?rest_route=\/wp\/v2\/users\/2"}],"replies":[{"embeddable":true,"href":"https:\/\/zonaroja.com.mx\/index.php?rest_route=%2Fwp%2Fv2%2Fcomments&post=75407"}],"version-history":[{"count":1,"href":"https:\/\/zonaroja.com.mx\/index.php?rest_route=\/wp\/v2\/posts\/75407\/revisions"}],"predecessor-version":[{"id":75409,"href":"https:\/\/zonaroja.com.mx\/index.php?rest_route=\/wp\/v2\/posts\/75407\/revisions\/75409"}],"wp:featuredmedia":[{"embeddable":true,"href":"https:\/\/zonaroja.com.mx\/index.php?rest_route=\/wp\/v2\/media\/75408"}],"wp:attachment":[{"href":"https:\/\/zonaroja.com.mx\/index.php?rest_route=%2Fwp%2Fv2%2Fmedia&parent=75407"}],"wp:term":[{"taxonomy":"category","embeddable":true,"href":"https:\/\/zonaroja.com.mx\/index.php?rest_route=%2Fwp%2Fv2%2Fcategories&post=75407"},{"taxonomy":"post_tag","embeddable":true,"href":"https:\/\/zonaroja.com.mx\/index.php?rest_route=%2Fwp%2Fv2%2Ftags&post=75407"}],"curies":[{"name":"wp","href":"https:\/\/api.w.org\/{rel}","templated":true}]}}