{"id":75410,"date":"2024-12-11T20:08:07","date_gmt":"2024-12-12T02:08:07","guid":{"rendered":"https:\/\/zonaroja.com.mx\/?p=75410"},"modified":"2024-12-11T20:08:09","modified_gmt":"2024-12-12T02:08:09","slug":"asesinan-a-magistrado-y-ex-titular-del-poder-judicial-de-guerrero","status":"publish","type":"post","link":"https:\/\/zonaroja.com.mx\/?p=75410","title":{"rendered":"Asesinan a magistrado y ex titular del Poder Judicial de Guerrero"},"content":{"rendered":"\n<p>Redacci\u00f3n\/Zona Roja Cdmx.<\/p>\n\n\n\n<p>Ciudad de M\u00e9xico, a 11 de diciembre de 2024.- El magistrado Edmundo Rom\u00e1n Pinz\u00f3n, integrante del Poder Judicial de Guerrero, fue asesinado este mi\u00e9rcoles 11 de diciembre afuera de los juzgados ubicados en el fraccionamiento Las Playas, en Acapulco.<\/p>\n\n\n\n<p>El hecho ocurri\u00f3 alrededor de las 4:00 de la tarde de hoy, cuando llamadas a los n\u00fameros de emergencia alertaron a las autoridades sobre m\u00faltiples detonaciones de armas de fuego en las cercan\u00edas de los juzgados del Poder Judicial de Guerrero.<\/p>\n\n\n\n<p>Rom\u00e1n Pinz\u00f3n, quien fue presidente del Tribunal Superior de Justicia de Guerrero, fue asesinado cuando viajaba a bordo de un autom\u00f3vil color blanco de reciente modelo, al que se apreciaban m\u00faltiples impactos de arma de fuego en una de las ventanillas, as\u00ed como en el parabrisas.<\/p>\n\n\n\n<p>En el lugar del homicidio qued\u00f3 el autom\u00f3vil donde se trasladaba el magistrado Edmundo Rom\u00e1n, sobre la avenida Gran V\u00eda Tropical.<\/p>\n\n\n\n<p>Testigos refieren que minutos despu\u00e9s del atentado, los elementos de la Guardia Nacional evacuaron al personal que a\u00fan estaba laborando al interior del recinto judicial en esta zona.<\/p>\n\n\n\n<p>De acuerdo con las primeras versiones, el magistrado fue atacado por sujetos desconocidos de manera repentina cuando sal\u00eda a bordo de su veh\u00edculo de las instalaciones del Palacio de Justicia, hasta donde arribaron agentes de la Guardia Nacional y de la Fiscal\u00eda General del Estado de Guerrero, para acordonar el \u00e1rea y realizar las primeras indagatorias sobre este asesinato.<\/p>\n\n\n\n<p>Con relaci\u00f3n a estos hechos, la Fiscal\u00eda General del Estado (FGE) de Guerrero inform\u00f3 que ha iniciado una investigaci\u00f3n por el delito de homicidio calificado en agravio de Edmundo \u201cN\u201d, tras los hechos registrados esta tarde en el Fraccionamiento Las Playas, en el municipio de Acapulco.<\/p>\n\n\n\n<p>Agregaron qu\u00e9 personal de la Polic\u00eda Investigadora Ministerial se traslad\u00f3 al lugar de los hechos, donde se recopilaron testimonios de posibles testigos y se identificaron c\u00e1maras de videovigilancia, tanto p\u00fablicas como privadas, que podr\u00e1n aportar elementos clave para el esclarecimiento del caso.<\/p>\n\n\n\n<p>Aunque inicialmente se hablaba de un segundo magistrado que result\u00f3 herido en estos hechos de violencia, ninguna autoridad o instituci\u00f3n gubernamental confirm\u00f3 dichas versiones, por lo que el cuerpo del expresidente del Tribunal Superior de Justicia y la unidad fueron trasladadas para realizar las diligencias de ley correspondientes.<\/p>\n\n\n\n<p>C\u00d3DIGO ROJO<\/p>\n\n\n\n<p>La Secretar\u00eda de Seguridad P\u00fablica de Guerrero activ\u00f3 el c\u00f3digo rojo en Acapulco luego del asesinato del magistrado Edmundo Rom\u00e1n en las afueras de los juzgados del Tribunal de Justicia del estado.<\/p>\n\n\n\n<p>A trav\u00e9s de un comunicado, las autoridades de seguridad de Guerrero se\u00f1alaron que con el c\u00f3digo rojo se desplegar\u00e1n operativos estrat\u00e9gicos que incluyen patrullajes intensivos, instalaci\u00f3n de filtros de revisi\u00f3n y monitoreo en tiempo real a trav\u00e9s del sistema de videovigilancia,<\/p>\n\n\n\n<p>\u201cEsto con la finalidad de identificar y detener a los generadores de violencia\u201d, indic\u00f3 la dependencia estatal.<\/p>\n","protected":false},"excerpt":{"rendered":"<p>Redacci\u00f3n\/Zona Roja Cdmx. Ciudad de M\u00e9xico, a 11 de diciembre de 2024.- El magistrado Edmundo&hellip;<\/p>\n","protected":false},"author":2,"featured_media":75411,"comment_status":"closed","ping_status":"open","sticky":false,"template":"","format":"standard","meta":{"_lmt_disableupdate":"","_lmt_disable":"","_jetpack_memberships_contains_paid_content":false,"footnotes":""},"categories":[109,51],"tags":[4129],"class_list":["post-75410","post","type-post","status-publish","format-standard","has-post-thumbnail","hentry","category-minuto-a-minuto","category-zona-roja","tag-magistrado-edmundo-roman"],"jetpack_featured_media_url":"https:\/\/zonaroja.com.mx\/wp-content\/uploads\/2024\/12\/Magistrdo-Edmundo-Roman-Acapulco.jpeg.webp","jetpack_sharing_enabled":true,"_links":{"self":[{"href":"https:\/\/zonaroja.com.mx\/index.php?rest_route=\/wp\/v2\/posts\/75410","targetHints":{"allow":["GET"]}}],"collection":[{"href":"https:\/\/zonaroja.com.mx\/index.php?rest_route=\/wp\/v2\/posts"}],"about":[{"href":"https:\/\/zonaroja.com.mx\/index.php?rest_route=\/wp\/v2\/types\/post"}],"author":[{"embeddable":true,"href":"https:\/\/zonaroja.com.mx\/index.php?rest_route=\/wp\/v2\/users\/2"}],"replies":[{"embeddable":true,"href":"https:\/\/zonaroja.com.mx\/index.php?rest_route=%2Fwp%2Fv2%2Fcomments&post=75410"}],"version-history":[{"count":1,"href":"https:\/\/zonaroja.com.mx\/index.php?rest_route=\/wp\/v2\/posts\/75410\/revisions"}],"predecessor-version":[{"id":75412,"href":"https:\/\/zonaroja.com.mx\/index.php?rest_route=\/wp\/v2\/posts\/75410\/revisions\/75412"}],"wp:featuredmedia":[{"embeddable":true,"href":"https:\/\/zonaroja.com.mx\/index.php?rest_route=\/wp\/v2\/media\/75411"}],"wp:attachment":[{"href":"https:\/\/zonaroja.com.mx\/index.php?rest_route=%2Fwp%2Fv2%2Fmedia&parent=75410"}],"wp:term":[{"taxonomy":"category","embeddable":true,"href":"https:\/\/zonaroja.com.mx\/index.php?rest_route=%2Fwp%2Fv2%2Fcategories&post=75410"},{"taxonomy":"post_tag","embeddable":true,"href":"https:\/\/zonaroja.com.mx\/index.php?rest_route=%2Fwp%2Fv2%2Ftags&post=75410"}],"curies":[{"name":"wp","href":"https:\/\/api.w.org\/{rel}","templated":true}]}}