{"id":75413,"date":"2024-12-12T07:00:00","date_gmt":"2024-12-12T13:00:00","guid":{"rendered":"https:\/\/zonaroja.com.mx\/?p=75413"},"modified":"2024-12-12T06:00:08","modified_gmt":"2024-12-12T12:00:08","slug":"avala-el-congreso-decreto-del-gobierno-para-extinguir-1344-plazas-laborales","status":"publish","type":"post","link":"https:\/\/zonaroja.com.mx\/?p=75413","title":{"rendered":"Avala el Congreso decreto del gobierno para extinguir 1,344 plazas laborales"},"content":{"rendered":"\n<p>Redacci\u00f3n\/Zona Roja.<\/p>\n\n\n\n<p>Oaxaca de Ju\u00e1rez, Oax., a 12 de diciembre de 2024.- Con 37 votos a favor, la 66 Legislatura del Congreso local aval\u00f3 el decreto por el que se suprimen con efecto inmediato mil 344 plazas administrativas pertenecientes al gobierno de Oaxaca, conforme a la solicitud del Ejecutivo del Estado, que fueron otorgadas durante el periodo comprendido de 2016-2022.<\/p>\n\n\n\n<p>El dictamen del decreto destaca que tan solo en el periodo de 2013 al 2022 se dio un incremento del 47.80 por ciento en la plantilla del personal de base, lo que significa que en menos de 10 a\u00f1os se otorgaron m\u00e1s de cuatro mil nombramientos de manera desproporcionada, irregular y sin los criterios generales de la pol\u00edtica econ\u00f3mica y la legislaci\u00f3n financiera.<\/p>\n\n\n\n<p>Adem\u00e1s, de acuerdo con una revisi\u00f3n efectuada en la Secretar\u00eda de Administraci\u00f3n el pago a estos nombramientos otorgados ocasiona erogaciones con cargo al presupuesto estatal que afecta de manera directa la cobertura disponible para los programas sociales y las acciones por el combate a la pobreza, con la finalidad de coadyuvar en la construcci\u00f3n de una vida digna para las y los oaxaque\u00f1os menos favorecidos.<\/p>\n\n\n\n<p>En su intervenci\u00f3n, la presidenta de la Comisi\u00f3n Permanente de Administraci\u00f3n P\u00fablica, diputada M\u00f3nica Bel\u00e9n L\u00f3pez Javier sostuvo que este decreto est\u00e1 alineado a los principios de austeridad republicana, as\u00ed como al empleo responsable y eficiente de los recursos p\u00fablicos.<\/p>\n\n\n\n<p>\u201cEsta situaci\u00f3n ha ocasionado un aumento en el pago de servicios personales superior a dos mil 24 millones 644 mil 976 de pesos, m\u00e1s los incrementos que vayan afectando a los sueldos y salarios en cada ejercicio fiscal comprometiendo severamente las finanzas p\u00fablicas\u201d, explic\u00f3 la legisladora.<\/p>\n\n\n\n<p>Detall\u00f3 que el aumento indiscriminado en la expedici\u00f3n de nombramientos de base gener\u00f3 un agujero enorme en el presupuesto p\u00fablico impactando de manera directa en el futuro de los fondos de pensiones de las personas jubiladas, pensionadas y pensionistas o de aquellos pr\u00f3ximos a jubilarse; adem\u00e1s de contravenir la disciplina financiera que la administraci\u00f3n p\u00fablica debe observar bajo los principios y disposiciones de responsabilidad hacendaria.<\/p>\n\n\n\n<p>Es de destacar que el dictamen con proyecto de decreto precisa el listado remitido al Poder Legislativo con las plazas que se suprimen; asimismo contempla que las y los trabajadores a quienes se les aplique dicha medida tienen derecho a recibir la indemnizaci\u00f3n de ley correspondiente.<\/p>\n","protected":false},"excerpt":{"rendered":"<p>Redacci\u00f3n\/Zona Roja. Oaxaca de Ju\u00e1rez, Oax., a 12 de diciembre de 2024.- Con 37 votos&hellip;<\/p>\n","protected":false},"author":2,"featured_media":75414,"comment_status":"closed","ping_status":"open","sticky":false,"template":"","format":"standard","meta":{"_lmt_disableupdate":"","_lmt_disable":"","_jetpack_memberships_contains_paid_content":false,"footnotes":""},"categories":[109,47],"tags":[303],"class_list":["post-75413","post","type-post","status-publish","format-standard","has-post-thumbnail","hentry","category-minuto-a-minuto","category-zona-gris","tag-congreso-del-estado-de-oaxaca"],"jetpack_featured_media_url":"https:\/\/zonaroja.com.mx\/wp-content\/uploads\/2024\/12\/Supresion-de-plazas_Congreso-de-Oaxaca.jpeg","jetpack_sharing_enabled":true,"_links":{"self":[{"href":"https:\/\/zonaroja.com.mx\/index.php?rest_route=\/wp\/v2\/posts\/75413","targetHints":{"allow":["GET"]}}],"collection":[{"href":"https:\/\/zonaroja.com.mx\/index.php?rest_route=\/wp\/v2\/posts"}],"about":[{"href":"https:\/\/zonaroja.com.mx\/index.php?rest_route=\/wp\/v2\/types\/post"}],"author":[{"embeddable":true,"href":"https:\/\/zonaroja.com.mx\/index.php?rest_route=\/wp\/v2\/users\/2"}],"replies":[{"embeddable":true,"href":"https:\/\/zonaroja.com.mx\/index.php?rest_route=%2Fwp%2Fv2%2Fcomments&post=75413"}],"version-history":[{"count":1,"href":"https:\/\/zonaroja.com.mx\/index.php?rest_route=\/wp\/v2\/posts\/75413\/revisions"}],"predecessor-version":[{"id":75415,"href":"https:\/\/zonaroja.com.mx\/index.php?rest_route=\/wp\/v2\/posts\/75413\/revisions\/75415"}],"wp:featuredmedia":[{"embeddable":true,"href":"https:\/\/zonaroja.com.mx\/index.php?rest_route=\/wp\/v2\/media\/75414"}],"wp:attachment":[{"href":"https:\/\/zonaroja.com.mx\/index.php?rest_route=%2Fwp%2Fv2%2Fmedia&parent=75413"}],"wp:term":[{"taxonomy":"category","embeddable":true,"href":"https:\/\/zonaroja.com.mx\/index.php?rest_route=%2Fwp%2Fv2%2Fcategories&post=75413"},{"taxonomy":"post_tag","embeddable":true,"href":"https:\/\/zonaroja.com.mx\/index.php?rest_route=%2Fwp%2Fv2%2Ftags&post=75413"}],"curies":[{"name":"wp","href":"https:\/\/api.w.org\/{rel}","templated":true}]}}