{"id":75416,"date":"2024-12-12T07:30:00","date_gmt":"2024-12-12T13:30:00","guid":{"rendered":"https:\/\/zonaroja.com.mx\/?p=75416"},"modified":"2024-12-12T06:07:20","modified_gmt":"2024-12-12T12:07:20","slug":"claudia-sheinbaum-la-cuarta-mujer-mas-poderosa-del-mundo-forbes","status":"publish","type":"post","link":"https:\/\/zonaroja.com.mx\/?p=75416","title":{"rendered":"Claudia Sheinbaum, la cuarta mujer m\u00e1s poderosa del mundo: Forbes"},"content":{"rendered":"\n<p>Redacci\u00f3n\/Zona Roja Cdmx.<\/p>\n\n\n\n<p>Ciudad de M\u00e9xico, a 12 de diciembre de 2024.- La presidenta de M\u00e9xico, Claudia Sheinbaum, fue nombrada por la revista Forbes como la cuarta mujer m\u00e1s poderosa del 2024.<\/p>\n\n\n\n<p>En la evaluaci\u00f3n de la lista Power Women 2024 contempla a 100 mujeres de distintas nacionalidades.&nbsp;<\/p>\n\n\n\n<p>La publicaci\u00f3n reconoci\u00f3 a Claudia Sheinbaum por convertirse&nbsp; en la primera mujer presidenta de M\u00e9xico, y tambi\u00e9n de la regi\u00f3n de Am\u00e9rica del Norte, por lo que este triunfo se ha considerado hist\u00f3rico.<\/p>\n\n\n\n<p>La revista consider\u00f3 que la mandataria mexicana de 62 a\u00f1os ha tenido una exitosa carrera pol\u00edtica como exjefa de Gobierno de la Ciudad de M\u00e9xico, adem\u00e1s de su trayectoria acad\u00e9mica como doctora en ingenier\u00eda de energ\u00eda.<\/p>\n\n\n\n<p>La lista Power Women 2024 de Forbes re\u00fane a pol\u00edticas, ejecutivas, filantropas y artistas m\u00e1s relevantes a nivel mundial, y de amplio reconocimiento.&nbsp;<\/p>\n\n\n\n<p>Las clasificaciones se basan en su desarrollo en: finanzas, medios de comunicaci\u00f3n, impacto y esferas de influencia.&nbsp;<\/p>\n\n\n\n<p>La presidenta Sheinbaum Pardo comparte la categor\u00eda de pol\u00edtica y gobernanza con otras mujeres como son: Ursula von der Leyer, presidenta de la comisi\u00f3n europea de la UE; Christine Lagarde, presidenta del Banco Central Europeo y Giorgia Meloni, primera ministra de Italia.&nbsp;<\/p>\n\n\n\n<p>La revista reconoce a Claudia Sheinbaum como&nbsp; la primera mujer en presidir M\u00e9xico, duod\u00e9cima econom\u00eda m\u00e1s grande del mundo, en sus 200 a\u00f1os de historia como pa\u00eds independiente.&nbsp;<\/p>\n\n\n\n<p>Incluso, retoma el momento hist\u00f3rico de su toma de protesta el pasado 1 de octubre en la C\u00e1mara de Diputados, donde la ahora jefa del Ejecutivo, emiti\u00f3 un emotivo discurso del empoderamiento de las mujeres.&nbsp;<\/p>\n\n\n\n<p>\u201cA muchos de nosotros nos contaron una versi\u00f3n de la historia desde que \u00e9ramos ni\u00f1os, que quer\u00eda que crey\u00e9ramos que el curso de la humanidad estaba dirigido solo por los hombres. Pero poco a poco esta visi\u00f3n se ha invertido\u00bb, dijo en su discurso de inauguraci\u00f3n. \u2018Es hora de las mujeres\u2019\u201d, retom\u00f3 la publicaci\u00f3n.<\/p>\n\n\n\n<p>(Informaci\u00f3n de \u201cExc\u00e9lsior\u201d)<\/p>\n","protected":false},"excerpt":{"rendered":"<p>Redacci\u00f3n\/Zona Roja Cdmx. Ciudad de M\u00e9xico, a 12 de diciembre de 2024.- La presidenta de&hellip;<\/p>\n","protected":false},"author":2,"featured_media":75417,"comment_status":"closed","ping_status":"open","sticky":false,"template":"","format":"standard","meta":{"_lmt_disableupdate":"","_lmt_disable":"","_jetpack_memberships_contains_paid_content":false,"footnotes":""},"categories":[109,46],"tags":[3370],"class_list":["post-75416","post","type-post","status-publish","format-standard","has-post-thumbnail","hentry","category-minuto-a-minuto","category-zona-blanca","tag-claudia-sheinbaum"],"jetpack_featured_media_url":"https:\/\/zonaroja.com.mx\/wp-content\/uploads\/2024\/12\/Forbes-mujeres-poderosas-Claudia-Sheinbaum.webp","jetpack_sharing_enabled":true,"_links":{"self":[{"href":"https:\/\/zonaroja.com.mx\/index.php?rest_route=\/wp\/v2\/posts\/75416","targetHints":{"allow":["GET"]}}],"collection":[{"href":"https:\/\/zonaroja.com.mx\/index.php?rest_route=\/wp\/v2\/posts"}],"about":[{"href":"https:\/\/zonaroja.com.mx\/index.php?rest_route=\/wp\/v2\/types\/post"}],"author":[{"embeddable":true,"href":"https:\/\/zonaroja.com.mx\/index.php?rest_route=\/wp\/v2\/users\/2"}],"replies":[{"embeddable":true,"href":"https:\/\/zonaroja.com.mx\/index.php?rest_route=%2Fwp%2Fv2%2Fcomments&post=75416"}],"version-history":[{"count":1,"href":"https:\/\/zonaroja.com.mx\/index.php?rest_route=\/wp\/v2\/posts\/75416\/revisions"}],"predecessor-version":[{"id":75418,"href":"https:\/\/zonaroja.com.mx\/index.php?rest_route=\/wp\/v2\/posts\/75416\/revisions\/75418"}],"wp:featuredmedia":[{"embeddable":true,"href":"https:\/\/zonaroja.com.mx\/index.php?rest_route=\/wp\/v2\/media\/75417"}],"wp:attachment":[{"href":"https:\/\/zonaroja.com.mx\/index.php?rest_route=%2Fwp%2Fv2%2Fmedia&parent=75416"}],"wp:term":[{"taxonomy":"category","embeddable":true,"href":"https:\/\/zonaroja.com.mx\/index.php?rest_route=%2Fwp%2Fv2%2Fcategories&post=75416"},{"taxonomy":"post_tag","embeddable":true,"href":"https:\/\/zonaroja.com.mx\/index.php?rest_route=%2Fwp%2Fv2%2Ftags&post=75416"}],"curies":[{"name":"wp","href":"https:\/\/api.w.org\/{rel}","templated":true}]}}