{"id":75421,"date":"2024-12-12T14:12:00","date_gmt":"2024-12-12T20:12:00","guid":{"rendered":"https:\/\/zonaroja.com.mx\/?p=75421"},"modified":"2024-12-12T06:18:12","modified_gmt":"2024-12-12T12:18:12","slug":"van-104-periodistas-asesinados-este-ano-en-el-mundo-la-mitad-en-gaza","status":"publish","type":"post","link":"https:\/\/zonaroja.com.mx\/?p=75421","title":{"rendered":"Van 104 periodistas asesinados este a\u00f1o en el mundo, la mitad en Gaza"},"content":{"rendered":"\n<p>Redacci\u00f3n\/Zona Roja Cdmx.<\/p>\n\n\n\n<p>Ciudad de M\u00e9xico, a 12 de diciembre de 2024.- Al menos 104 periodistas y trabajadores de medios fueron asesinados este a\u00f1o, la mitad de ellos en Gaza y doce mujeres, seg\u00fan el informe preliminar del 2024 de la Federaci\u00f3n Internacional de Periodistas (FIP), publicado con motivo del D\u00eda Internacional de los Derechos Humanos.<\/p>\n\n\n\n<p>El informe, que tiene como fecha de cierre el 10 de diciembre, cifra en 520 el n\u00famero de periodistas presos en el mundo, de los cuales 135 en China (Hong Kong incluido), que es el mayor carcelero del mundo de los informadores, seguido de Israel (59) y Myanmar (44).<\/p>\n\n\n\n<p>Medio Oriente y el mundo \u00e1rabe, con 66 asesinatos, es por segundo a\u00f1o la zona m\u00e1s peligrosa del mundo para ejercer el periodismo, seguida de Asia-Pac\u00edfico (20 asesinatos), \u00c1frica (ocho), Am\u00e9rica (6) y Europa (4).<\/p>\n\n\n\n<p>En el informe, la FIP, que tiene sede en Bruselas y empez\u00f3 en 1990 a hacer un recuento anual de los periodistas asesinados en el ejercicio de su profesi\u00f3n, destaca que antes de la guerra de Israel en Gaza, que estall\u00f3 el 7 de octubre de 2023, Latinoam\u00e9rica y especialmente M\u00e9xico era donde hab\u00eda m\u00e1s asesinatos de periodistas.<\/p>\n\n\n\n<p>En 2024 fueron seis las v\u00edctimas latinoamericanas, cinco mexicanos y un colombiano, y la FIP destac\u00f3 que informar sobre el narcotr\u00e1fico fue la causa principal.<\/p>\n\n\n\n<p>\u201cLa guerra en Gaza y el L\u00edbano pone de relieve una vez m\u00e1s la masacre sufrida por los profesionales de los medios de comunicaci\u00f3n palestinos (55), libaneses (6) y sirios (1), que representan el 60% de todos los periodistas asesinados en 2024\u201d, dice el informe.<\/p>\n\n\n\n<p>Desde el inicio de la guerra en Gaza, el n\u00famero de periodistas palestinos asesinados ha aumentado a al menos 138.<\/p>\n\n\n\n<p>Aunque en 2024 fueron asesinados cuatro periodistas en Ucrania, la misma cifra que en 2023, Europa sigue siendo el continente m\u00e1s seguro del mundo para el llamado \u201ccuarto poder\u201d.<\/p>\n\n\n\n<p>Aunque la cifra global de asesinatos es menor a la de 2023, que fue de 129, catorce de ellos mujeres, en su informe la FIP denuncia la gravedad del problema y reafirma su \u201cdeterminaci\u00f3n de que las Naciones Unidas adopten una Convenci\u00f3n Internacional para la Protecci\u00f3n de Periodistas con car\u00e1cter de urgencia\u201d.<\/p>\n\n\n\n<p>El secretario general de la FIP, Anthony Bellanger, dijo: \u201cEstas tristes cifras muestran una vez m\u00e1s cu\u00e1n fr\u00e1gil es la libertad de prensa y cu\u00e1n riesgosa y peligrosa es la profesi\u00f3n del periodismo. La necesidad de informaci\u00f3n del p\u00fablico es muy real en un momento en que se est\u00e1n desarrollando reg\u00edmenes autoritarios en todo el mundo\u201d.<\/p>\n\n\n\n<p>(Informaci\u00f3n de \u00abEl Financiero\u00bb)<\/p>\n","protected":false},"excerpt":{"rendered":"<p>Redacci\u00f3n\/Zona Roja Cdmx. Ciudad de M\u00e9xico, a 12 de diciembre de 2024.- Al menos 104&hellip;<\/p>\n","protected":false},"author":2,"featured_media":64021,"comment_status":"closed","ping_status":"open","sticky":false,"template":"","format":"standard","meta":{"_lmt_disableupdate":"","_lmt_disable":"","_jetpack_memberships_contains_paid_content":false,"footnotes":""},"categories":[109,47],"tags":[3758],"class_list":["post-75421","post","type-post","status-publish","format-standard","has-post-thumbnail","hentry","category-minuto-a-minuto","category-zona-gris","tag-asesinato-de-periodistas"],"jetpack_featured_media_url":"https:\/\/zonaroja.com.mx\/wp-content\/uploads\/2024\/01\/Periodismo-periodista-reporteros.jpg","jetpack_sharing_enabled":true,"_links":{"self":[{"href":"https:\/\/zonaroja.com.mx\/index.php?rest_route=\/wp\/v2\/posts\/75421","targetHints":{"allow":["GET"]}}],"collection":[{"href":"https:\/\/zonaroja.com.mx\/index.php?rest_route=\/wp\/v2\/posts"}],"about":[{"href":"https:\/\/zonaroja.com.mx\/index.php?rest_route=\/wp\/v2\/types\/post"}],"author":[{"embeddable":true,"href":"https:\/\/zonaroja.com.mx\/index.php?rest_route=\/wp\/v2\/users\/2"}],"replies":[{"embeddable":true,"href":"https:\/\/zonaroja.com.mx\/index.php?rest_route=%2Fwp%2Fv2%2Fcomments&post=75421"}],"version-history":[{"count":2,"href":"https:\/\/zonaroja.com.mx\/index.php?rest_route=\/wp\/v2\/posts\/75421\/revisions"}],"predecessor-version":[{"id":75424,"href":"https:\/\/zonaroja.com.mx\/index.php?rest_route=\/wp\/v2\/posts\/75421\/revisions\/75424"}],"wp:featuredmedia":[{"embeddable":true,"href":"https:\/\/zonaroja.com.mx\/index.php?rest_route=\/wp\/v2\/media\/64021"}],"wp:attachment":[{"href":"https:\/\/zonaroja.com.mx\/index.php?rest_route=%2Fwp%2Fv2%2Fmedia&parent=75421"}],"wp:term":[{"taxonomy":"category","embeddable":true,"href":"https:\/\/zonaroja.com.mx\/index.php?rest_route=%2Fwp%2Fv2%2Fcategories&post=75421"},{"taxonomy":"post_tag","embeddable":true,"href":"https:\/\/zonaroja.com.mx\/index.php?rest_route=%2Fwp%2Fv2%2Ftags&post=75421"}],"curies":[{"name":"wp","href":"https:\/\/api.w.org\/{rel}","templated":true}]}}