{"id":75448,"date":"2024-12-13T09:13:00","date_gmt":"2024-12-13T15:13:00","guid":{"rendered":"https:\/\/zonaroja.com.mx\/?p=75448"},"modified":"2024-12-13T09:48:06","modified_gmt":"2024-12-13T15:48:06","slug":"enesimo-ejecutado-en-juchitan-ahora-en-la-septima-seccion","status":"publish","type":"post","link":"https:\/\/zonaroja.com.mx\/?p=75448","title":{"rendered":"En\u00e9simo ejecutado en Juchit\u00e1n, ahora en la S\u00e9ptima Secci\u00f3n\u00a0"},"content":{"rendered":"\n<p>Ismael Garc\u00eda M.\/Zona Roja.<\/p>\n\n\n\n<p>Oaxaca de Ju\u00e1rez, Oax., a 13 de diciembre de 2024.- La ola criminal en la regi\u00f3n del Istmo de Tehuantepec continu\u00f3 ahora en el municipio de Juchit\u00e1n de Zaragoza.<\/p>\n\n\n\n<p>Anoche en la colonia San Isidro de la S\u00e9ptima Secci\u00f3n, sujetos armados acribillaron a una persona del sexo masculino, quien fue trasladada gravemente herida a un hospital, donde poco despu\u00e9s perdi\u00f3 la vida.<\/p>\n\n\n\n<p>De manera preliminar se inform\u00f3 que se trata de Alexis R. J., de 25 a\u00f1os de edad, y hasta el momento se desconoce qui\u00e9n o qui\u00e9nes le dieron muerte, as\u00ed como las causas del ataque.<\/p>\n\n\n\n<p>Personal de la Vicefiscal\u00eda Regional del Istmo, dependiente de la Fiscal\u00eda General del Estado de Oaxaca, realiza las indagatorias correspondientes.<\/p>\n\n\n\n<p>El mi\u00e9rcoles no se registr\u00f3 ning\u00fan crimen en la regi\u00f3n del Istmo ni el resto del estado, tras la ejecuci\u00f3n de dos personas en el municipio de El Espinal, una m\u00e1s en Santa Mar\u00eda Temaxcaltepec y una mujer muerta en Santo Domingo Tehuantepec, quien presuntamente se suicid\u00f3.<\/p>\n\n\n\n<p>Pese a la creciente ola criminal, las autoridades municipales no han implementado acciones de seguridad para resguardar a la poblaci\u00f3n.<\/p>\n","protected":false},"excerpt":{"rendered":"<p>Ismael Garc\u00eda M.\/Zona Roja. Oaxaca de Ju\u00e1rez, Oax., a 13 de diciembre de 2024.- La&hellip;<\/p>\n","protected":false},"author":2,"featured_media":72641,"comment_status":"closed","ping_status":"open","sticky":false,"template":"","format":"standard","meta":{"_lmt_disableupdate":"","_lmt_disable":"","_jetpack_memberships_contains_paid_content":false,"footnotes":""},"categories":[109,51],"tags":[123],"class_list":["post-75448","post","type-post","status-publish","format-standard","has-post-thumbnail","hentry","category-minuto-a-minuto","category-zona-roja","tag-juchitan-de-zaragoza"],"jetpack_featured_media_url":"https:\/\/zonaroja.com.mx\/wp-content\/uploads\/2024\/09\/Palacio-municipal-de-Juchitan.jpeg","jetpack_sharing_enabled":true,"_links":{"self":[{"href":"https:\/\/zonaroja.com.mx\/index.php?rest_route=\/wp\/v2\/posts\/75448","targetHints":{"allow":["GET"]}}],"collection":[{"href":"https:\/\/zonaroja.com.mx\/index.php?rest_route=\/wp\/v2\/posts"}],"about":[{"href":"https:\/\/zonaroja.com.mx\/index.php?rest_route=\/wp\/v2\/types\/post"}],"author":[{"embeddable":true,"href":"https:\/\/zonaroja.com.mx\/index.php?rest_route=\/wp\/v2\/users\/2"}],"replies":[{"embeddable":true,"href":"https:\/\/zonaroja.com.mx\/index.php?rest_route=%2Fwp%2Fv2%2Fcomments&post=75448"}],"version-history":[{"count":2,"href":"https:\/\/zonaroja.com.mx\/index.php?rest_route=\/wp\/v2\/posts\/75448\/revisions"}],"predecessor-version":[{"id":75460,"href":"https:\/\/zonaroja.com.mx\/index.php?rest_route=\/wp\/v2\/posts\/75448\/revisions\/75460"}],"wp:featuredmedia":[{"embeddable":true,"href":"https:\/\/zonaroja.com.mx\/index.php?rest_route=\/wp\/v2\/media\/72641"}],"wp:attachment":[{"href":"https:\/\/zonaroja.com.mx\/index.php?rest_route=%2Fwp%2Fv2%2Fmedia&parent=75448"}],"wp:term":[{"taxonomy":"category","embeddable":true,"href":"https:\/\/zonaroja.com.mx\/index.php?rest_route=%2Fwp%2Fv2%2Fcategories&post=75448"},{"taxonomy":"post_tag","embeddable":true,"href":"https:\/\/zonaroja.com.mx\/index.php?rest_route=%2Fwp%2Fv2%2Ftags&post=75448"}],"curies":[{"name":"wp","href":"https:\/\/api.w.org\/{rel}","templated":true}]}}