{"id":75450,"date":"2024-12-13T11:30:00","date_gmt":"2024-12-13T17:30:00","guid":{"rendered":"https:\/\/zonaroja.com.mx\/?p=75450"},"modified":"2024-12-13T08:20:07","modified_gmt":"2024-12-13T14:20:07","slug":"decreta-el-congreso-2025-bicentenario-de-la-primera-constitucion-politica-del-estado","status":"publish","type":"post","link":"https:\/\/zonaroja.com.mx\/?p=75450","title":{"rendered":"Decreta el Congreso: \u201c2025,\u00a0Bicentenario de la Primera Constituci\u00f3n Pol\u00edtica del Estado\u201d"},"content":{"rendered":"\n<p>Redacci\u00f3n\/Zona Roja.<\/p>\n\n\n\n<p>Oaxaca de Ju\u00e1rez, Oax., a 13 de diciembre de 2024.- La 66 Legislatura del Congreso del Estado aprob\u00f3 en reciente sesi\u00f3n extraordinaria por mayor\u00eda de votos, el dictamen con proyecto de decreto por el que se declara la denominaci\u00f3n oficial del pr\u00f3ximo a\u00f1o como: \u201c2025, Bicentenario de la Primera Constituci\u00f3n Pol\u00edtica del Estado Libre y Soberano de Oaxaca\u00bb.<\/p>\n\n\n\n<p>Esta iniciativa fue presentada por el coordinador del Grupo Parlamentario de Morena, diputado Benjam\u00edn Viveros Montalvo en la sesi\u00f3n ordinaria del pasado 3 de diciembre del presente a\u00f1o.<\/p>\n\n\n\n<p>Y en este contexto, tambi\u00e9n la diputada Kelly Jannet Cabrera Gonz\u00e1lez, present\u00f3 el proyecto para que la publicaci\u00f3n de la declaratoria anual y la documentaci\u00f3n oficial de los tres Poderes del Estado, \u00d3rganos Aut\u00f3nomos y Municipios tenga la inscripci\u00f3n de la citada leyenda.<\/p>\n\n\n\n<p>Ambas iniciativas fueron turnadas por la Mesa Directiva de la 66 Legislatura a la Comisi\u00f3n Permanente de Culturas y Artes para su revisi\u00f3n y dictaminaci\u00f3n, de acuerdo con sus facultades establecidas en la Ley Org\u00e1nica del Poder Legislativo.<\/p>\n\n\n\n<p>El dictamen fue elaborado sobre la base de que la Constituci\u00f3n Pol\u00edtica de Oaxaca de 1825 marc\u00f3 un momento decisivo en la construcci\u00f3n del Federalismo mexicano, porque fue construida con los ideales de libertad, justicia social, derechos humanos y autodeterminaci\u00f3n que surgieron del movimiento independentista y que permean a\u00fan en la conciencia de la pol\u00edtica p\u00fablica actual.<\/p>\n\n\n\n<p>\u201cSu promulgaci\u00f3n fue reflejo del esp\u00edritu reformador y democr\u00e1tico que ciment\u00f3 las bases de identidad estatal y nacional; la Constituci\u00f3n Pol\u00edtica de 1825 fue un s\u00edmbolo de emancipaci\u00f3n pol\u00edtica y social que permiti\u00f3 al estado definir su propia identidad\u201d, detalla el documento de decreto.<\/p>\n\n\n\n<p>Asimismo, se\u00f1ala que la celebraci\u00f3n de este Bicentenario no solo honra el legado de quienes forjaron esta Constituci\u00f3n, sino que tambi\u00e9n representa una plataforma para promover la educaci\u00f3n c\u00edvica y el conocimiento hist\u00f3rico entre las generaciones presentes y venideras, pues incentivar\u00e1 actividades educativas, culturales y acad\u00e9micas que contribuyan a que las y los ciudadanos comprendan la trascendencia de este hecho hist\u00f3rico.<\/p>\n","protected":false},"excerpt":{"rendered":"<p>Redacci\u00f3n\/Zona Roja. Oaxaca de Ju\u00e1rez, Oax., a 13 de diciembre de 2024.- La 66 Legislatura&hellip;<\/p>\n","protected":false},"author":2,"featured_media":73664,"comment_status":"closed","ping_status":"open","sticky":false,"template":"","format":"standard","meta":{"_lmt_disableupdate":"","_lmt_disable":"","_jetpack_memberships_contains_paid_content":false,"footnotes":""},"categories":[109,46],"tags":[303],"class_list":["post-75450","post","type-post","status-publish","format-standard","has-post-thumbnail","hentry","category-minuto-a-minuto","category-zona-blanca","tag-congreso-del-estado-de-oaxaca"],"jetpack_featured_media_url":"https:\/\/zonaroja.com.mx\/wp-content\/uploads\/2024\/10\/Congreso-de-Oaxaca-camara-de-diputados.jpeg","jetpack_sharing_enabled":true,"_links":{"self":[{"href":"https:\/\/zonaroja.com.mx\/index.php?rest_route=\/wp\/v2\/posts\/75450","targetHints":{"allow":["GET"]}}],"collection":[{"href":"https:\/\/zonaroja.com.mx\/index.php?rest_route=\/wp\/v2\/posts"}],"about":[{"href":"https:\/\/zonaroja.com.mx\/index.php?rest_route=\/wp\/v2\/types\/post"}],"author":[{"embeddable":true,"href":"https:\/\/zonaroja.com.mx\/index.php?rest_route=\/wp\/v2\/users\/2"}],"replies":[{"embeddable":true,"href":"https:\/\/zonaroja.com.mx\/index.php?rest_route=%2Fwp%2Fv2%2Fcomments&post=75450"}],"version-history":[{"count":1,"href":"https:\/\/zonaroja.com.mx\/index.php?rest_route=\/wp\/v2\/posts\/75450\/revisions"}],"predecessor-version":[{"id":75451,"href":"https:\/\/zonaroja.com.mx\/index.php?rest_route=\/wp\/v2\/posts\/75450\/revisions\/75451"}],"wp:featuredmedia":[{"embeddable":true,"href":"https:\/\/zonaroja.com.mx\/index.php?rest_route=\/wp\/v2\/media\/73664"}],"wp:attachment":[{"href":"https:\/\/zonaroja.com.mx\/index.php?rest_route=%2Fwp%2Fv2%2Fmedia&parent=75450"}],"wp:term":[{"taxonomy":"category","embeddable":true,"href":"https:\/\/zonaroja.com.mx\/index.php?rest_route=%2Fwp%2Fv2%2Fcategories&post=75450"},{"taxonomy":"post_tag","embeddable":true,"href":"https:\/\/zonaroja.com.mx\/index.php?rest_route=%2Fwp%2Fv2%2Ftags&post=75450"}],"curies":[{"name":"wp","href":"https:\/\/api.w.org\/{rel}","templated":true}]}}