{"id":75452,"date":"2024-12-13T10:20:00","date_gmt":"2024-12-13T16:20:00","guid":{"rendered":"https:\/\/zonaroja.com.mx\/?p=75452"},"modified":"2024-12-13T08:47:15","modified_gmt":"2024-12-13T14:47:15","slug":"amenaza-trump-con-utilizar-al-ejercito-para-deportar-migrantes","status":"publish","type":"post","link":"https:\/\/zonaroja.com.mx\/?p=75452","title":{"rendered":"Amenaza Trump con utilizar al Ej\u00e9rcito para deportar migrantes"},"content":{"rendered":"\n<p>Redacci\u00f3n\/Zona Roja Cdmx.<\/p>\n\n\n\n<p>Ciudad de M\u00e9xico, a 13 de diciembre de 2024.- El presidente electo de Estados Unidos, Donald Trump, prometi\u00f3 que ir\u00e1 hasta el l\u00edmite de la legalidad para deportar a migrantes irregulares.<\/p>\n\n\n\n<p>En entrevista con la revista Time, despu\u00e9s de haber sido nombrado la persona del a\u00f1o por la publicaci\u00f3n, adelant\u00f3 que ordenar\u00e1 a las agencias policiales (y potencialmente al Ej\u00e9rcito) que se embarquen en una operaci\u00f3n de deportaci\u00f3n masiva.<\/p>\n\n\n\n<p>Esto lo har\u00e1 con el objetivo de sacar del pa\u00eds a m\u00e1s de 11 millones de inmigrantes indocumentados.<\/p>\n\n\n\n<p>Al ser cuestionado sobre qu\u00e9 har\u00e1 si el Ej\u00e9rcito se niega a cumplir esas \u00f3rdenes, sostuvo que \u201cs\u00f3lo har\u00e9 lo que la ley permite, pero llegar\u00e9 al nivel m\u00e1ximo de lo que la ley permite\u201d.<\/p>\n\n\n\n<p>Antes, la revista le record\u00f3 que la ley Posse Comitatus proh\u00edbe el despliegue de militares contra civiles.<\/p>\n\n\n\n<p>Sin embargo, el presidente electo asever\u00f3 que est\u00e1 dispuesto a reclutar militares para arrestar y deportar a inmigrantes. \u201cNo detiene a los militares si se trata de una invasi\u00f3n de nuestro pa\u00eds\u201d, sentenci\u00f3.<\/p>\n\n\n\n<p>Por otro lado, Trump le dijo a la revista que no planea restaurar la pol\u00edtica de separar a los ni\u00f1os de sus familias para disuadir los cruces fronterizos. Sin embargo, tampoco lo descart\u00f3. \u201cNo creo que sea necesario, porque enviaremos a toda la familia de vuelta\u201d, afirm\u00f3 y agreg\u00f3 que \u201cpreferir\u00eda deportarlos juntos\u201d.<\/p>\n\n\n\n<p>Esta idea ya la plante\u00f3 antes, cuando, en entrevista con NBC News, dej\u00f3 ver que en cuanto llegue a la Casa Blanca buscar\u00e1 deportar a familias completas de migrantes, esto con el prop\u00f3sito de \u201cno separarlos\u201d.<\/p>\n\n\n\n<p>Ahora, en esta nueva conversaci\u00f3n, Trump insisti\u00f3 en el tema, adem\u00e1s de que regres\u00f3 a su promesa de reforzar la frontera de Estados Unidos con M\u00e9xico a trav\u00e9s de una serie de \u00f3rdenes ejecutivas.<\/p>\n\n\n\n<p>Por otra parte, el pr\u00f3ximo zar fronterizo, Tom Homan, le dijo a Time que \u201cno se est\u00e1 trabajando en ninguna pol\u00edtica para separar a las familias\u201d. Pero tambi\u00e9n deja abierta la posibilidad de que los ni\u00f1os vuelvan a ser separados de sus padres. \u201cNo se puede decir no va a suceder\u201d, dijo.<\/p>\n\n\n\n<p>Al respecto, la publicaci\u00f3n apunt\u00f3 que para una operaci\u00f3n de deportaci\u00f3n masiva de esta escala, los asesores de Trump planean construir m\u00e1s centros de detenci\u00f3n para retener a los inmigrantes hasta que puedan ser deportados a sus pa\u00edses de origen.<\/p>\n\n\n\n<p>Este tema a\u00fan est\u00e1 pendiente, ya que requiere de una negociaci\u00f3n con los pa\u00edses de origen para recibir de regreso a sus ciudadanos.<\/p>\n\n\n\n<p>A su vez, Trump sostuvo que utilizar\u00e1 el acceso al mercado estadounidense como palanca para obligar a los gobiernos extranjeros a cooperar. \u201cLos llevar\u00e9 a todos los pa\u00edses o no haremos negocios con esos pa\u00edses\u201d.<\/p>\n\n\n\n<p>(Informaci\u00f3n de \u201cEl Financiero\u201d)<\/p>\n","protected":false},"excerpt":{"rendered":"<p>Redacci\u00f3n\/Zona Roja Cdmx. Ciudad de M\u00e9xico, a 13 de diciembre de 2024.- El presidente electo&hellip;<\/p>\n","protected":false},"author":2,"featured_media":66917,"comment_status":"closed","ping_status":"open","sticky":false,"template":"","format":"standard","meta":{"_lmt_disableupdate":"","_lmt_disable":"","_jetpack_memberships_contains_paid_content":false,"footnotes":""},"categories":[109,47],"tags":[1060],"class_list":["post-75452","post","type-post","status-publish","format-standard","has-post-thumbnail","hentry","category-minuto-a-minuto","category-zona-gris","tag-donald-trump"],"jetpack_featured_media_url":"https:\/\/zonaroja.com.mx\/wp-content\/uploads\/2024\/04\/Chinos-muertos-Oaxaca-migrantes-San-Francisco-del-Mar.jpg","jetpack_sharing_enabled":true,"_links":{"self":[{"href":"https:\/\/zonaroja.com.mx\/index.php?rest_route=\/wp\/v2\/posts\/75452","targetHints":{"allow":["GET"]}}],"collection":[{"href":"https:\/\/zonaroja.com.mx\/index.php?rest_route=\/wp\/v2\/posts"}],"about":[{"href":"https:\/\/zonaroja.com.mx\/index.php?rest_route=\/wp\/v2\/types\/post"}],"author":[{"embeddable":true,"href":"https:\/\/zonaroja.com.mx\/index.php?rest_route=\/wp\/v2\/users\/2"}],"replies":[{"embeddable":true,"href":"https:\/\/zonaroja.com.mx\/index.php?rest_route=%2Fwp%2Fv2%2Fcomments&post=75452"}],"version-history":[{"count":1,"href":"https:\/\/zonaroja.com.mx\/index.php?rest_route=\/wp\/v2\/posts\/75452\/revisions"}],"predecessor-version":[{"id":75453,"href":"https:\/\/zonaroja.com.mx\/index.php?rest_route=\/wp\/v2\/posts\/75452\/revisions\/75453"}],"wp:featuredmedia":[{"embeddable":true,"href":"https:\/\/zonaroja.com.mx\/index.php?rest_route=\/wp\/v2\/media\/66917"}],"wp:attachment":[{"href":"https:\/\/zonaroja.com.mx\/index.php?rest_route=%2Fwp%2Fv2%2Fmedia&parent=75452"}],"wp:term":[{"taxonomy":"category","embeddable":true,"href":"https:\/\/zonaroja.com.mx\/index.php?rest_route=%2Fwp%2Fv2%2Fcategories&post=75452"},{"taxonomy":"post_tag","embeddable":true,"href":"https:\/\/zonaroja.com.mx\/index.php?rest_route=%2Fwp%2Fv2%2Ftags&post=75452"}],"curies":[{"name":"wp","href":"https:\/\/api.w.org\/{rel}","templated":true}]}}