{"id":75454,"date":"2024-12-13T11:30:00","date_gmt":"2024-12-13T17:30:00","guid":{"rendered":"https:\/\/zonaroja.com.mx\/?p=75454"},"modified":"2024-12-13T13:56:10","modified_gmt":"2024-12-13T19:56:10","slug":"con-respaldo-del-ieepco-seccion-22-quita-dos-escuelas-a-la-59","status":"publish","type":"post","link":"https:\/\/zonaroja.com.mx\/?p=75454","title":{"rendered":"Con respaldo del IEEPO, Secci\u00f3n 22 quita dos escuelas a la 59"},"content":{"rendered":"\n<p>Raymundo Morales\/Zona Roja.<\/p>\n\n\n\n<p>Oaxaca de Ju\u00e1rez, Oax., a 13 de diciembre de 2024.- Bajo la complacencia del Instituto Estatal de Educaci\u00f3n P\u00fablica de Oaxaca (IEEPO), la Secci\u00f3n 22 del Sindicato Nacional de Trabajadores de la Educaci\u00f3n recuper\u00f3 dos escuelas que estaban en poder de la Secci\u00f3n 59.<\/p>\n\n\n\n<p>Una de ellas es la primaria \u201cRevoluci\u00f3n\u201d, ubicada en la comunidad de San Agust\u00edn Mixtepec, municipio San Crist\u00f3bal Amatl\u00e1n, en la regi\u00f3n Sierra Sur.<\/p>\n\n\n\n<p>\u201cLa instituci\u00f3n hab\u00eda sido convertida en \u2018institucional\u2019 en 2014, pero ahora regresa al magisterio democr\u00e1tico como un triunfo m\u00e1s en la defensa de la educaci\u00f3n p\u00fablica\u201d, dio a conocer la gremial el sus redes sociales.<\/p>\n\n\n\n<p>\u201cEste logro fue posible gracias al trabajo colectivo de la Secretar\u00eda T\u00e9cnica, la Secretar\u00eda de Alianzas, el Representante Sectorial, la Coordinadora Sectorial y la Delegaci\u00f3n Sindical, quienes, junto con la comunidad, reafirmaron el compromiso con una educaci\u00f3n basada en los principios democr\u00e1ticos y el Plan para la Transformaci\u00f3n de la Educaci\u00f3n en Oaxaca (PTEO).<\/p>\n\n\n\n<p>\u201cLa recuperaci\u00f3n de la escuela primaria \u2018Revoluci\u00f3n\u2019 no solo simboliza un acto de resistencia frente a los intentos de privatizaci\u00f3n educativa, sino tambi\u00e9n un paso firme hacia el fortalecimiento de los derechos laborales del magisterio y el bienestar de las comunidades de Valles Centrales\u201d, difundi\u00f3 la Secci\u00f3n 22.<\/p>\n\n\n\n<p>Otra es la escuela primaria \u201cFrancisco I. Madero\u201d, ubicada en la comunidad de R\u00edo Viejo, Santiago Jamiltepec, perteneciente al sector 02 Pinotepa Nacional, regi\u00f3n Costa, tras permanecer en manos de la Secci\u00f3n 59 desde 2006.<\/p>\n\n\n\n<p>\u201cLa comunidad de R\u00edo Viejo celebra este triunfo como un paso hacia la consolidaci\u00f3n de una educaci\u00f3n aut\u00e9ntica\u201d, destac\u00f3 el magisterio oaxaque\u00f1o.<\/p>\n","protected":false},"excerpt":{"rendered":"<p>Raymundo Morales\/Zona Roja. Oaxaca de Ju\u00e1rez, Oax., a 13 de diciembre de 2024.- Bajo la&hellip;<\/p>\n","protected":false},"author":2,"featured_media":75455,"comment_status":"closed","ping_status":"open","sticky":false,"template":"","format":"standard","meta":{"_lmt_disableupdate":"","_lmt_disable":"","_jetpack_memberships_contains_paid_content":false,"footnotes":""},"categories":[109,47],"tags":[312],"class_list":["post-75454","post","type-post","status-publish","format-standard","has-post-thumbnail","hentry","category-minuto-a-minuto","category-zona-gris","tag-seccion-22-del-snte"],"jetpack_featured_media_url":"https:\/\/zonaroja.com.mx\/wp-content\/uploads\/2024\/12\/Seccion-22-recupera-escuela.jpg","jetpack_sharing_enabled":true,"_links":{"self":[{"href":"https:\/\/zonaroja.com.mx\/index.php?rest_route=\/wp\/v2\/posts\/75454","targetHints":{"allow":["GET"]}}],"collection":[{"href":"https:\/\/zonaroja.com.mx\/index.php?rest_route=\/wp\/v2\/posts"}],"about":[{"href":"https:\/\/zonaroja.com.mx\/index.php?rest_route=\/wp\/v2\/types\/post"}],"author":[{"embeddable":true,"href":"https:\/\/zonaroja.com.mx\/index.php?rest_route=\/wp\/v2\/users\/2"}],"replies":[{"embeddable":true,"href":"https:\/\/zonaroja.com.mx\/index.php?rest_route=%2Fwp%2Fv2%2Fcomments&post=75454"}],"version-history":[{"count":2,"href":"https:\/\/zonaroja.com.mx\/index.php?rest_route=\/wp\/v2\/posts\/75454\/revisions"}],"predecessor-version":[{"id":75461,"href":"https:\/\/zonaroja.com.mx\/index.php?rest_route=\/wp\/v2\/posts\/75454\/revisions\/75461"}],"wp:featuredmedia":[{"embeddable":true,"href":"https:\/\/zonaroja.com.mx\/index.php?rest_route=\/wp\/v2\/media\/75455"}],"wp:attachment":[{"href":"https:\/\/zonaroja.com.mx\/index.php?rest_route=%2Fwp%2Fv2%2Fmedia&parent=75454"}],"wp:term":[{"taxonomy":"category","embeddable":true,"href":"https:\/\/zonaroja.com.mx\/index.php?rest_route=%2Fwp%2Fv2%2Fcategories&post=75454"},{"taxonomy":"post_tag","embeddable":true,"href":"https:\/\/zonaroja.com.mx\/index.php?rest_route=%2Fwp%2Fv2%2Ftags&post=75454"}],"curies":[{"name":"wp","href":"https:\/\/api.w.org\/{rel}","templated":true}]}}