{"id":75457,"date":"2024-12-13T13:30:00","date_gmt":"2024-12-13T19:30:00","guid":{"rendered":"https:\/\/zonaroja.com.mx\/?p=75457"},"modified":"2024-12-13T08:58:51","modified_gmt":"2024-12-13T14:58:51","slug":"presenta-fiscalia-manual-de-investigacion-y-litigacion-con-perspectiva-de-genero","status":"publish","type":"post","link":"https:\/\/zonaroja.com.mx\/?p=75457","title":{"rendered":"Presenta Fiscal\u00eda \u201cManual de Investigaci\u00f3n y litigaci\u00f3n con perspectiva de g\u00e9nero\u201d"},"content":{"rendered":"\n<p>Redacci\u00f3n\/Zona Roja.<\/p>\n\n\n\n<p>Oaxaca de Ju\u00e1rez, Oax., a 13 de diciembre de 2024.- Al participar en la presentaci\u00f3n del \u201cManual de Investigaci\u00f3n y litigaci\u00f3n con perspectiva de g\u00e9nero de violencias contra mujeres y ni\u00f1as\u201d, el Fiscal General del Estado de Oaxaca, Bernardo Rodr\u00edguez Alamilla, se comprometi\u00f3 a fortalecer los procesos de procuraci\u00f3n de justicia en dicha materia y con ello, brindar una atenci\u00f3n m\u00e1s efectiva, erradicando la revictimizaci\u00f3n, pues el principal compromiso de la instituci\u00f3n es con las v\u00edctimas.<\/p>\n\n\n\n<p>Durante el acto protocolario estuvieron presentes la directora de la Oficina de Gobernanza, Derechos Humanos y Seguridad Ciudadana de USAID, Emily Wann; la especialista en Derechos Humanos de USAID, Dafne G\u00f3mez G\u00f3mez; el director de FORTIS Consultor\u00eda, Iv\u00e1n de la Garza Santos y la consultora de Ni un Feminicidio M\u00e1s, Sara Vel\u00e1zquez Moreno.<\/p>\n\n\n\n<p>Durante su intervenci\u00f3n, el Fiscal Bernardo Rodr\u00edguez Alamilla explic\u00f3 que este manual es producto de una alianza estrat\u00e9gica que permitir\u00e1 fortalecer la incorporaci\u00f3n de la perspectiva de g\u00e9nero en cada una de las acciones que realiza la instituci\u00f3n, por lo que a trav\u00e9s de esta herramienta se puede incorporar en forma integral y coordinada este enfoque, que permitir\u00e1 transformar los procesos de atenci\u00f3n.<\/p>\n\n\n\n<p>A\u00f1adi\u00f3 que adem\u00e1s de la incorporaci\u00f3n del \u201cManual de Investigaci\u00f3n y litigaci\u00f3n con perspectiva de g\u00e9nero de violencias contra mujeres y ni\u00f1as\u201d, al mismo tiempo se agrega un proceso de formaci\u00f3n virtual y asincr\u00f3nico en la plataforma Moodle del modelo de investigaci\u00f3n y litigaci\u00f3n con perspectiva de g\u00e9nero que facilitar\u00e1 a las y los operadores de justicia acceder a esta herramienta de alta calidad acad\u00e9mica que combina el an\u00e1lisis profundo, con una orientaci\u00f3n pr\u00e1ctica.<\/p>\n\n\n\n<p>Por su parte, la directora de la Oficina de Gobernanza, Derechos Humanos y Seguridad Ciudadana de USAID, Emily Wann, reconoci\u00f3 la disposici\u00f3n de la Fiscal\u00eda General del Estado de Oaxaca de colaborar en forma interinstitucional para generar herramientas que permitan mejorar los procesos de procuraci\u00f3n de justicia, especialmente en temas sensibles como la violencia por razones de g\u00e9nero y los delitos que la involucran.<\/p>\n\n\n\n<p>Mientras que, el director de FORTIS Consultor\u00eda, Iv\u00e1n de la Garza Santos, resalt\u00f3 que el \u201cManual de Investigaci\u00f3n y litigaci\u00f3n con perspectiva de g\u00e9nero de violencias contra mujeres y ni\u00f1as\u201d es un generador de cambios a largo plazo, pues no solo es un producto de una administraci\u00f3n, sino una herramienta que puede ser utilizada de manera permanente, pues al estar acompa\u00f1ado de un proceso formativo el contenido puede ser replicado en forma continua.<\/p>\n\n\n\n<p>El \u201cManual de Investigaci\u00f3n y litigaci\u00f3n con perspectiva de g\u00e9nero de violencias contra mujeres y ni\u00f1as\u201d es una herramienta dirigida a personas operadoras de justicia para que en los casos de delitos que involucren a ni\u00f1as, adolescentes y mujeres se considere la carga de g\u00e9nero intr\u00ednseca en esos delitos, pues, esto permitir\u00e1 atender en forma m\u00e1s efectiva los casos desde el primer contacto hasta la judicializaci\u00f3n y conclusi\u00f3n, ya que coadyuvar\u00e1 a brindar un mejor acompa\u00f1amiento a las v\u00edctimas.<\/p>\n","protected":false},"excerpt":{"rendered":"<p>Redacci\u00f3n\/Zona Roja. Oaxaca de Ju\u00e1rez, Oax., a 13 de diciembre de 2024.- Al participar en&hellip;<\/p>\n","protected":false},"author":2,"featured_media":75458,"comment_status":"closed","ping_status":"open","sticky":false,"template":"","format":"standard","meta":{"_lmt_disableupdate":"","_lmt_disable":"","_jetpack_memberships_contains_paid_content":false,"footnotes":""},"categories":[109,46],"tags":[494],"class_list":["post-75457","post","type-post","status-publish","format-standard","has-post-thumbnail","hentry","category-minuto-a-minuto","category-zona-blanca","tag-fiscalia-general-del-estado-de-oaxaca"],"jetpack_featured_media_url":"https:\/\/zonaroja.com.mx\/wp-content\/uploads\/2024\/12\/Fiscalia-manual-USAID.jpeg","jetpack_sharing_enabled":true,"_links":{"self":[{"href":"https:\/\/zonaroja.com.mx\/index.php?rest_route=\/wp\/v2\/posts\/75457","targetHints":{"allow":["GET"]}}],"collection":[{"href":"https:\/\/zonaroja.com.mx\/index.php?rest_route=\/wp\/v2\/posts"}],"about":[{"href":"https:\/\/zonaroja.com.mx\/index.php?rest_route=\/wp\/v2\/types\/post"}],"author":[{"embeddable":true,"href":"https:\/\/zonaroja.com.mx\/index.php?rest_route=\/wp\/v2\/users\/2"}],"replies":[{"embeddable":true,"href":"https:\/\/zonaroja.com.mx\/index.php?rest_route=%2Fwp%2Fv2%2Fcomments&post=75457"}],"version-history":[{"count":1,"href":"https:\/\/zonaroja.com.mx\/index.php?rest_route=\/wp\/v2\/posts\/75457\/revisions"}],"predecessor-version":[{"id":75459,"href":"https:\/\/zonaroja.com.mx\/index.php?rest_route=\/wp\/v2\/posts\/75457\/revisions\/75459"}],"wp:featuredmedia":[{"embeddable":true,"href":"https:\/\/zonaroja.com.mx\/index.php?rest_route=\/wp\/v2\/media\/75458"}],"wp:attachment":[{"href":"https:\/\/zonaroja.com.mx\/index.php?rest_route=%2Fwp%2Fv2%2Fmedia&parent=75457"}],"wp:term":[{"taxonomy":"category","embeddable":true,"href":"https:\/\/zonaroja.com.mx\/index.php?rest_route=%2Fwp%2Fv2%2Fcategories&post=75457"},{"taxonomy":"post_tag","embeddable":true,"href":"https:\/\/zonaroja.com.mx\/index.php?rest_route=%2Fwp%2Fv2%2Ftags&post=75457"}],"curies":[{"name":"wp","href":"https:\/\/api.w.org\/{rel}","templated":true}]}}