{"id":75467,"date":"2024-12-13T21:17:38","date_gmt":"2024-12-14T03:17:38","guid":{"rendered":"https:\/\/zonaroja.com.mx\/?p=75467"},"modified":"2024-12-13T21:17:39","modified_gmt":"2024-12-14T03:17:39","slug":"poder-judicial-de-oaxaca-otorga-libertad-a-ex-presidenta-de-nochixtlan","status":"publish","type":"post","link":"https:\/\/zonaroja.com.mx\/?p=75467","title":{"rendered":"Poder Judicial de Oaxaca otorga libertad a ex presidenta de Nochixtl\u00e1n"},"content":{"rendered":"\n<p>Redacci\u00f3n\/Estado 20.<\/p>\n\n\n\n<p>Oaxaca de Ju\u00e1rez, Oax., a 13 de diciembre de 2024.- La Sala de Justicia Ind\u00edgena del Tribunal Superior de Justicia del Estado de Oaxaca (TSJEO) redujo la pena a la ex presidenta municipal de Asunci\u00f3n Nochixtl\u00e1n, Lizbeth Victoria Huerta, una de las personas responsables de la desaparici\u00f3n forzada de la activista Claudia Uruchurtu.<\/p>\n\n\n\n<p>De acuerdo con la familia de Claudia Uruchurtu, a la ex edil se le redujo la pena de 4 a\u00f1os 2 meses de prisi\u00f3n a 3 a\u00f1os 2 meses de prisi\u00f3n, con el objetivo de que hoy, en las pr\u00f3ximas horas, sea liberada y abandone la c\u00e1rcel.<\/p>\n\n\n\n<p>En un principio, Lizbeth Victoria Huerta fue encontrada culpable por el delito de desaparici\u00f3n forzada; pero a las pocas horas, una jueza del TSJEO reclasific\u00f3 el delito de desaparici\u00f3n forzada por el delito de obstrucci\u00f3n de la investigaci\u00f3n con el fin de favorecerla y \u00fanicamente dictar una sentencia de cuatro a\u00f1os y dos meses de c\u00e1rcel.<\/p>\n\n\n\n<p>La familia decidi\u00f3 apelar esta resoluci\u00f3n emitida en primera instancia ante la Quinta Sala Penal y de Justicia Ind\u00edgena, la cual es la segunda instancia.<\/p>\n\n\n\n<p>Al momento de resolver esa apelaci\u00f3n, la Quinta Sala Penal y Sala de Justicia Ind\u00edgena orden\u00f3 la reposici\u00f3n de todo el procedimiento en contra de Lizbeth Victoria Huerta; sin embargo, la familia consider\u00f3 que esta resoluci\u00f3n tambi\u00e9n les causaba agravios.<\/p>\n\n\n\n<p>Por esa raz\u00f3n la familia de Claudia Uruchurtu promovi\u00f3 amparo ante la justicia federal, y en el amparo el juez de distrito orden\u00f3 a la Quinta Sala Penal y Sala de Justicia Ind\u00edgena dejar sin efecto la resoluci\u00f3n en la que estableci\u00f3 la reposici\u00f3n del procedimiento, y le orden\u00f3 entrar al estudio de fondo de los agravios.<\/p>\n\n\n\n<p>\u201cEso implica revisar toda la sentencia y lo que consider\u00f3 la juez al momento de determinar que s\u00f3lo era responsable por obstrucci\u00f3n a la investigaci\u00f3n. Eso es lo que estamos esperando, que cumpla con lo que orden\u00f3 el juez de distrito\u201d.<\/p>\n\n\n\n<p>El Juez de Distrito del Poder Judicial de la Federaci\u00f3n, adem\u00e1s, puso ciertos requisitos que el Poder Judicial de Oaxaca no puede obviar en su resoluci\u00f3n y dentro de los cuales se encuentra que debe garantizar los derechos de la v\u00edctima a una tutela efectiva y a la reparaci\u00f3n integral del da\u00f1o desde una perspectiva de derechos humanos.<\/p>\n\n\n\n<p>Sorpresivamente, hoy el TSJEO determin\u00f3 reducir la pena a tres a\u00f1os y dos meses de prisi\u00f3n y que coincidiera exactamente con este d\u00eda y poder liberarla; y no hizo ninguna consideraci\u00f3n para volver a reclasificar el delito como desaparici\u00f3n forzada, seg\u00fan inform\u00f3 la defensa de Claudia Uruchurtu.<\/p>\n\n\n\n<p>La familia, por su parte, inform\u00f3 que en un momento m\u00e1s emitir\u00e1 un pronunciamiento contra la decisi\u00f3n del TSJEO que preside la magistrada Berenice Ram\u00edrez Jim\u00e9nez.<\/p>\n","protected":false},"excerpt":{"rendered":"<p>Redacci\u00f3n\/Estado 20. Oaxaca de Ju\u00e1rez, Oax., a 13 de diciembre de 2024.- La Sala de&hellip;<\/p>\n","protected":false},"author":2,"featured_media":75468,"comment_status":"closed","ping_status":"open","sticky":false,"template":"","format":"standard","meta":{"_lmt_disableupdate":"","_lmt_disable":"","_jetpack_memberships_contains_paid_content":false,"footnotes":""},"categories":[109,47],"tags":[2083],"class_list":["post-75467","post","type-post","status-publish","format-standard","has-post-thumbnail","hentry","category-minuto-a-minuto","category-zona-gris","tag-lizbeth-victoria-huerta"],"jetpack_featured_media_url":"https:\/\/zonaroja.com.mx\/wp-content\/uploads\/2024\/12\/Lizbeth-Victoria-Huerta-Nochixtlan.webp","jetpack_sharing_enabled":true,"_links":{"self":[{"href":"https:\/\/zonaroja.com.mx\/index.php?rest_route=\/wp\/v2\/posts\/75467","targetHints":{"allow":["GET"]}}],"collection":[{"href":"https:\/\/zonaroja.com.mx\/index.php?rest_route=\/wp\/v2\/posts"}],"about":[{"href":"https:\/\/zonaroja.com.mx\/index.php?rest_route=\/wp\/v2\/types\/post"}],"author":[{"embeddable":true,"href":"https:\/\/zonaroja.com.mx\/index.php?rest_route=\/wp\/v2\/users\/2"}],"replies":[{"embeddable":true,"href":"https:\/\/zonaroja.com.mx\/index.php?rest_route=%2Fwp%2Fv2%2Fcomments&post=75467"}],"version-history":[{"count":1,"href":"https:\/\/zonaroja.com.mx\/index.php?rest_route=\/wp\/v2\/posts\/75467\/revisions"}],"predecessor-version":[{"id":75469,"href":"https:\/\/zonaroja.com.mx\/index.php?rest_route=\/wp\/v2\/posts\/75467\/revisions\/75469"}],"wp:featuredmedia":[{"embeddable":true,"href":"https:\/\/zonaroja.com.mx\/index.php?rest_route=\/wp\/v2\/media\/75468"}],"wp:attachment":[{"href":"https:\/\/zonaroja.com.mx\/index.php?rest_route=%2Fwp%2Fv2%2Fmedia&parent=75467"}],"wp:term":[{"taxonomy":"category","embeddable":true,"href":"https:\/\/zonaroja.com.mx\/index.php?rest_route=%2Fwp%2Fv2%2Fcategories&post=75467"},{"taxonomy":"post_tag","embeddable":true,"href":"https:\/\/zonaroja.com.mx\/index.php?rest_route=%2Fwp%2Fv2%2Ftags&post=75467"}],"curies":[{"name":"wp","href":"https:\/\/api.w.org\/{rel}","templated":true}]}}