{"id":7547,"date":"2020-01-11T09:49:34","date_gmt":"2020-01-11T15:49:34","guid":{"rendered":"http:\/\/www.zonaroja.com.mx\/?p=7547"},"modified":"2020-01-11T09:49:39","modified_gmt":"2020-01-11T15:49:39","slug":"libertad-de-expresion-derecho-humano-muy-violentado-en-oaxaca-impunidad-sello","status":"publish","type":"post","link":"https:\/\/zonaroja.com.mx\/?p=7547","title":{"rendered":"Libertad de expresi\u00f3n, derecho humano muy violentado en Oaxaca; impunidad, sello"},"content":{"rendered":"\n<p>Redacci\u00f3n\/Zona Roja.<\/p>\n\n\n\n<p>Oaxaca de Ju\u00e1rez, Oax., 11\nde enero de 2020.- Un par de acuerdos concretos de trabajo fue el resultado de\nla primera reuni\u00f3n del Consejo Directivo de le Asociaci\u00f3n de Periodistas de\nOaxaca A. C. (APO), con el presidente del Consejo de la Defensor\u00eda de los\nDerechos Humanos del Pueblo de Oaxaca, Bernardo Rodr\u00edguez Alamilla. <\/p>\n\n\n\n<p>De acuerdo con un\ncomunicado, destaca la propuesta de un taller o mesa de trabajo con los\nperiodistas de Oaxaca para fortalecer el diagn\u00f3stico de la libertad de\nexpresi\u00f3n y las agresiones a los comunicadores. <\/p>\n\n\n\n<p>Por lo pronto, la APO\nofreci\u00f3 su Breve Diagn\u00f3stico de la Situaci\u00f3n del Periodismo en Oaxaca\nhttp:\/\/apooaxaca.com\/oaxaca-breve-diagnostico-de-la-situacion-del-periodismo\/<\/p>\n\n\n\n<p>Agresiones en su totalidad\nirresueltas, de los 15 asesinatos a periodistas en los a\u00f1os recientes, ni uno\ns\u00f3lo ha sido clarificado. Enorme impunidad que, se le dijo, fomenta las\nagresiones contra el gremio. <\/p>\n\n\n\n<p>Parece que en Oaxaca hubiera\nuna l\u00ednea superior que ordenara dejar sin atenci\u00f3n los ataques a periodistas y\nmedios de comunicaci\u00f3n, refiere el comunicado.<\/p>\n\n\n\n<p>Al respecto, se comentaron\ndos casos recientes de violencia contra el gremio, la ejercida contra la\ntelevisora \u201cMegacable\u201d en Salina Cruz, clausurada por una arbitraria autoridad\nmunicipal local; y el caso de la colega Rebeca Luna, golpeada por una turba\nviolenta del municipio de Teopoxco en las puertas de la C\u00e1mara Diputados local.<\/p>\n\n\n\n<p>As\u00ed como la lentitud de las investigaciones en el ataque con \u00e1cido a la joven saxofonista en Huajuapan de Le\u00f3n, cuyos familiares aportan elementos de pruebas contra quienes ellos se\u00f1alan como autor intelectual, un ex diputado con poder pol\u00edtico y econ\u00f3mico. Casos en que los presentes manifestaron esperar la intervenci\u00f3n firme y pronta de esa Defensor\u00eda.<\/p>\n\n\n\n<p><\/p>\n\n\n\n<p>Dos horas de charla fueron\npocas para el c\u00famulo de asuntos que agobian a la entidad en materia de\nviolaci\u00f3n de derechos humanos, de omisiones en la aplicaci\u00f3n de la justicia, de\nla pobreza, ignorancia y mala educaci\u00f3n que son el origen de los males de la\nentidad.<\/p>\n\n\n\n<p>Quienes m\u00e1s violan derechos\nhumanos son las autoridades municipales, el 50 por ciento de los casos, y el\nmayor porcentaje es de las autoridades de usos y costumbres, con sus asambleas\ngenerales que justifican cualquier aberraci\u00f3n, sostuvo uno de los asistentes;\nle sigue el IEEPO, luego la Fiscal\u00eda General de Oaxaca, en un nada honroso\ntercer lugar.<\/p>\n\n\n\n<p>Esos son los principales\nvioladores de derechos humanos en Oaxaca, de acuerdo a las estad\u00edsticas\noficiales de la Defensor\u00eda. Datos duros preocupantes, exhiben que los\nciudadanos pagan a sus funcionarios para que en vez de protegerlos los agredan\nviolentado sus m\u00e1s elementales derechos.<\/p>\n\n\n\n<p>El titular de la Defensor\u00eda\nde los Derechos Humanos, Bernardo Rodr\u00edguez Alamilla, dijo estar abierto a toda\ncr\u00edtica, en la b\u00fasqueda de cumplir con el trabajo de esa instituci\u00f3n, defender\nlos derechos humanos de los oaxaque\u00f1os, y en este caso la libertad de expresi\u00f3n\nque, sostuvo, es esencial para el desarrollo de las sociedades.<\/p>\n\n\n\n<p>A poco m\u00e1s de medio a\u00f1o de\nhaber asumido el cargo, manifest\u00f3 que est\u00e1 por concluir un diagn\u00f3stico sobre la\nsituaci\u00f3n de agresiones a periodistas y medios de comunicaci\u00f3n. Hay, dijo, 253\ncuadernos de esos asuntos, acumulados en cinco a\u00f1os. Mismo que, ofreci\u00f3, pondr\u00e1\na disposici\u00f3n en breve lapso.<\/p>\n","protected":false},"excerpt":{"rendered":"<p>Redacci\u00f3n\/Zona Roja. Oaxaca de Ju\u00e1rez, Oax., 11 de enero de 2020.- Un par de acuerdos&hellip;<\/p>\n","protected":false},"author":2,"featured_media":7548,"comment_status":"closed","ping_status":"open","sticky":false,"template":"","format":"standard","meta":{"_lmt_disableupdate":"","_lmt_disable":"","_jetpack_memberships_contains_paid_content":false,"footnotes":""},"categories":[109,47],"tags":[1041,286],"class_list":["post-7547","post","type-post","status-publish","format-standard","has-post-thumbnail","hentry","category-minuto-a-minuto","category-zona-gris","tag-asociacion-de-periodistas-de-oaxaca-apo","tag-defensoria-de-los-derechos-humanos-del-pueblo-de-oaxaca"],"jetpack_featured_media_url":"https:\/\/zonaroja.com.mx\/wp-content\/uploads\/2020\/01\/3-3.jpg","jetpack_sharing_enabled":true,"_links":{"self":[{"href":"https:\/\/zonaroja.com.mx\/index.php?rest_route=\/wp\/v2\/posts\/7547","targetHints":{"allow":["GET"]}}],"collection":[{"href":"https:\/\/zonaroja.com.mx\/index.php?rest_route=\/wp\/v2\/posts"}],"about":[{"href":"https:\/\/zonaroja.com.mx\/index.php?rest_route=\/wp\/v2\/types\/post"}],"author":[{"embeddable":true,"href":"https:\/\/zonaroja.com.mx\/index.php?rest_route=\/wp\/v2\/users\/2"}],"replies":[{"embeddable":true,"href":"https:\/\/zonaroja.com.mx\/index.php?rest_route=%2Fwp%2Fv2%2Fcomments&post=7547"}],"version-history":[{"count":1,"href":"https:\/\/zonaroja.com.mx\/index.php?rest_route=\/wp\/v2\/posts\/7547\/revisions"}],"predecessor-version":[{"id":7549,"href":"https:\/\/zonaroja.com.mx\/index.php?rest_route=\/wp\/v2\/posts\/7547\/revisions\/7549"}],"wp:featuredmedia":[{"embeddable":true,"href":"https:\/\/zonaroja.com.mx\/index.php?rest_route=\/wp\/v2\/media\/7548"}],"wp:attachment":[{"href":"https:\/\/zonaroja.com.mx\/index.php?rest_route=%2Fwp%2Fv2%2Fmedia&parent=7547"}],"wp:term":[{"taxonomy":"category","embeddable":true,"href":"https:\/\/zonaroja.com.mx\/index.php?rest_route=%2Fwp%2Fv2%2Fcategories&post=7547"},{"taxonomy":"post_tag","embeddable":true,"href":"https:\/\/zonaroja.com.mx\/index.php?rest_route=%2Fwp%2Fv2%2Ftags&post=7547"}],"curies":[{"name":"wp","href":"https:\/\/api.w.org\/{rel}","templated":true}]}}