{"id":75474,"date":"2024-12-14T07:19:29","date_gmt":"2024-12-14T13:19:29","guid":{"rendered":"https:\/\/zonaroja.com.mx\/?p=75474"},"modified":"2024-12-14T07:19:31","modified_gmt":"2024-12-14T13:19:31","slug":"detienen-en-oaxaca-a-dos-individuos-acusados-de-diversos-delitos-sexuales","status":"publish","type":"post","link":"https:\/\/zonaroja.com.mx\/?p=75474","title":{"rendered":"Detienen en Oaxaca a dos individuos acusados de diversos delitos sexuales"},"content":{"rendered":"\n<p>Redacci\u00f3n\/Zona Roja.<\/p>\n\n\n\n<p>Oaxaca de Ju\u00e1rez, Oax., a 14de diciembre de 2024.- La atenci\u00f3n a delitos que afectan a ni\u00f1as, ni\u00f1os y adolescentes es una prioridad en materia de procuraci\u00f3n de justicia, por ello, la Fiscal\u00eda General del Estado de Oaxaca (FGEO) ejecut\u00f3 dos \u00f3rdenes de aprehensi\u00f3n en contra de dos personas del sexo masculino por delitos sexuales cometidos en contra de ni\u00f1as y adolescentes, por hechos diferentes ocurridos en la regi\u00f3n de Valles Centrales.<\/p>\n\n\n\n<p>La Fiscal\u00eda de Oaxaca detall\u00f3 que en los casos de delitos cometidos en contra de ni\u00f1as, ni\u00f1os y adolescente implementa investigaciones multidisciplinarias y especializadas en enfoque de infancia que permitan atender estos casos con apego a los est\u00e1ndares internacionales en la materia.<\/p>\n\n\n\n<p>Derivado de las investigaciones especializadas, se realiz\u00f3 un primer operativo que permiti\u00f3 la detenci\u00f3n de una persona identificada como R. J. A. S., por el delito equiparado a violaci\u00f3n, acci\u00f3n que fue resultado de los trabajos de inteligencia criminal que permitieron presentarlo ante la autoridad competente para que determine su situaci\u00f3n jur\u00eddica.<\/p>\n\n\n\n<p>Asimismo, el organismo procurador de justicia implement\u00f3 otra acci\u00f3n de b\u00fasqueda y localizaci\u00f3n, derivado de los trabajos ministeriales fue posible la detenci\u00f3n de J. A. S. V., por el delito de violaci\u00f3n agravada, quien fue puesto a disposici\u00f3n del Juez de la causa para que determine su situaci\u00f3n jur\u00eddica.<\/p>\n\n\n\n<p>La Fiscal\u00eda General del Estado de Oaxaca prioriza la investigaciones de delitos cometidos en contra de ni\u00f1as, ni\u00f1os y adolescentes, pues busca garantizarles un adecuado acceso a la procuraci\u00f3n de justicia que lleve la perspectiva de infancia y adolescencia, pues, este mecanismo es la v\u00eda para garantizar la m\u00e1xima protecci\u00f3n y atender adecuadamente el inter\u00e9s superior de la ni\u00f1ez.<\/p>\n\n\n\n<p>VINCULADO A PROCESO<\/p>\n\n\n\n<p>En otro caso, la Fiscal\u00eda General del Estado de Oaxaca (FGEO) obtuvo auto de vinculaci\u00f3n a proceso y prisi\u00f3n preventiva contra una persona del sexo masculino identificada como P.G.C., imputado por el delito de feminicidio agravado cometido en la regi\u00f3n de la Mixteca.<\/p>\n\n\n\n<p>De acuerdo con la carpeta de investigaci\u00f3n, los hechos ocurrieron el 25 de noviembre de 2024, cuando la v\u00edctima, una mujer identificada por las iniciales A.G.L., se encontraba al interior de un domicilio ubicado en la poblaci\u00f3n de Guadalupe Ca\u00f1ada de Lobo, perteneciente al municipio de San Sebasti\u00e1n Tecomaxtlahuaca, lugar donde fue agredida, sufriendo lesiones a consecuencia de las cuales perdi\u00f3 la vida.<\/p>\n\n\n\n<p>Al tomar conocimiento del caso, la FGEO inici\u00f3 las investigaciones correspondientes a trav\u00e9s de la Vicefiscal\u00eda Regional de la Mixteca, las cuales permitieron aprehender a Pedro G.C., y presentarlo ante el Juez que atiende la causa.<\/p>\n\n\n\n<p>Luego de la primera audiencia y, gracias a las investigaciones iniciales realizadas por la FGEO a trav\u00e9s de la Vicefiscal\u00eda Regional de la Mixteca, el Juez que atiende la causa comunic\u00f3 la imputaci\u00f3n y posteriormente dict\u00f3 vinculaci\u00f3n a proceso e impuso la medida cautelar de prisi\u00f3n preventiva justificada por el delito de feminicidio agravado, concediendo el plazo de tres meses para el cierre de investigaci\u00f3n complementaria.<\/p>\n\n\n\n<p>La Fiscal\u00eda General del Estado de Oaxaca est\u00e1 comprometida con presentar ante la ley a quien o quienes resulten responsables, especialmente en los casos relacionados con delitos cometidos contra las mujeres, por ello, se llevan a cabo investigaciones integrales y con perspectiva de g\u00e9nero que garanticen a las v\u00edctimas un adecuado proceso de procuraci\u00f3n de justicia.<\/p>\n","protected":false},"excerpt":{"rendered":"<p>Redacci\u00f3n\/Zona Roja. Oaxaca de Ju\u00e1rez, Oax., a 14de diciembre de 2024.- La atenci\u00f3n a delitos&hellip;<\/p>\n","protected":false},"author":2,"featured_media":75475,"comment_status":"closed","ping_status":"open","sticky":false,"template":"","format":"standard","meta":{"_lmt_disableupdate":"","_lmt_disable":"","_jetpack_memberships_contains_paid_content":false,"footnotes":""},"categories":[109,46],"tags":[494],"class_list":["post-75474","post","type-post","status-publish","format-standard","has-post-thumbnail","hentry","category-minuto-a-minuto","category-zona-blanca","tag-fiscalia-general-del-estado-de-oaxaca"],"jetpack_featured_media_url":"https:\/\/zonaroja.com.mx\/wp-content\/uploads\/2024\/12\/Detenidos-delitos-sexules-Oaxaca.jpg","jetpack_sharing_enabled":true,"_links":{"self":[{"href":"https:\/\/zonaroja.com.mx\/index.php?rest_route=\/wp\/v2\/posts\/75474","targetHints":{"allow":["GET"]}}],"collection":[{"href":"https:\/\/zonaroja.com.mx\/index.php?rest_route=\/wp\/v2\/posts"}],"about":[{"href":"https:\/\/zonaroja.com.mx\/index.php?rest_route=\/wp\/v2\/types\/post"}],"author":[{"embeddable":true,"href":"https:\/\/zonaroja.com.mx\/index.php?rest_route=\/wp\/v2\/users\/2"}],"replies":[{"embeddable":true,"href":"https:\/\/zonaroja.com.mx\/index.php?rest_route=%2Fwp%2Fv2%2Fcomments&post=75474"}],"version-history":[{"count":1,"href":"https:\/\/zonaroja.com.mx\/index.php?rest_route=\/wp\/v2\/posts\/75474\/revisions"}],"predecessor-version":[{"id":75476,"href":"https:\/\/zonaroja.com.mx\/index.php?rest_route=\/wp\/v2\/posts\/75474\/revisions\/75476"}],"wp:featuredmedia":[{"embeddable":true,"href":"https:\/\/zonaroja.com.mx\/index.php?rest_route=\/wp\/v2\/media\/75475"}],"wp:attachment":[{"href":"https:\/\/zonaroja.com.mx\/index.php?rest_route=%2Fwp%2Fv2%2Fmedia&parent=75474"}],"wp:term":[{"taxonomy":"category","embeddable":true,"href":"https:\/\/zonaroja.com.mx\/index.php?rest_route=%2Fwp%2Fv2%2Fcategories&post=75474"},{"taxonomy":"post_tag","embeddable":true,"href":"https:\/\/zonaroja.com.mx\/index.php?rest_route=%2Fwp%2Fv2%2Ftags&post=75474"}],"curies":[{"name":"wp","href":"https:\/\/api.w.org\/{rel}","templated":true}]}}