{"id":75477,"date":"2024-12-14T08:10:00","date_gmt":"2024-12-14T14:10:00","guid":{"rendered":"https:\/\/zonaroja.com.mx\/?p=75477"},"modified":"2024-12-14T07:29:18","modified_gmt":"2024-12-14T13:29:18","slug":"asesinan-en-pochutla-oaxaca-a-enfermero-e-integrante-de-la-diversidad-sexual","status":"publish","type":"post","link":"https:\/\/zonaroja.com.mx\/?p=75477","title":{"rendered":"Asesinan en Pochutla, Oaxaca, a enfermero e integrante de la diversidad sexual"},"content":{"rendered":"\n<p>Ismael Garc\u00eda M.\/Zona Roja.<\/p>\n\n\n\n<p>Oaxaca de Ju\u00e1rez, Oax., a 14 de diciembre de 2024.- A menos de 24 horas de haber instalado desde San Pedro Pochutla el operativo de seguridad decembrino, anoche en ese municipio fue asesinada una persona.<\/p>\n\n\n\n<p>De acuerdo con los primeros reportes, el ataque por presunto asalto ocurri\u00f3 cerca de la unidad deportiva de la cabecera municipal, donde transitaba Ricardo \u201cN\u201d, conocido tambi\u00e9n como \u201cRichie\u201d y\/o \u201cTamara\u201d, quien era integrante de un grupo de la diversidad sexual.<\/p>\n\n\n\n<p>Tras ello, fue trasladado gravemente herido al hospital general, sin embargo poco despu\u00e9s confirmaron su fallecimiento debido a la gravedad de las lesiones, provocadas por un arma blanca.<\/p>\n\n\n\n<p>Ricardo \u201cN\u201d, originario de Pocutla, se desempe\u00f1aba como enfermero en el municipio de Santos Reyes Nopala, hab\u00eda retirado dinero de un cajero autom\u00e1tico, cuando fue seguido y agredido.<\/p>\n\n\n\n<p>Personal de la Vicefiscal\u00eda Regional de ka Costa, dependiente de la Fiscal\u00eda General del Estado de Oaxaca, inici\u00f3 las indagatorias correspondientes con la finalidad de esclarecer el caso.<\/p>\n","protected":false},"excerpt":{"rendered":"<p>Ismael Garc\u00eda M.\/Zona Roja. Oaxaca de Ju\u00e1rez, Oax., a 14 de diciembre de 2024.- A&hellip;<\/p>\n","protected":false},"author":2,"featured_media":75478,"comment_status":"closed","ping_status":"open","sticky":false,"template":"","format":"standard","meta":{"_lmt_disableupdate":"","_lmt_disable":"","_jetpack_memberships_contains_paid_content":false,"footnotes":""},"categories":[109,51],"tags":[151],"class_list":["post-75477","post","type-post","status-publish","format-standard","has-post-thumbnail","hentry","category-minuto-a-minuto","category-zona-roja","tag-san-pedro-pochutla"],"jetpack_featured_media_url":"https:\/\/zonaroja.com.mx\/wp-content\/uploads\/2024\/12\/Ricardo-Richie-Tamara-Pochutla.jpg","jetpack_sharing_enabled":true,"_links":{"self":[{"href":"https:\/\/zonaroja.com.mx\/index.php?rest_route=\/wp\/v2\/posts\/75477","targetHints":{"allow":["GET"]}}],"collection":[{"href":"https:\/\/zonaroja.com.mx\/index.php?rest_route=\/wp\/v2\/posts"}],"about":[{"href":"https:\/\/zonaroja.com.mx\/index.php?rest_route=\/wp\/v2\/types\/post"}],"author":[{"embeddable":true,"href":"https:\/\/zonaroja.com.mx\/index.php?rest_route=\/wp\/v2\/users\/2"}],"replies":[{"embeddable":true,"href":"https:\/\/zonaroja.com.mx\/index.php?rest_route=%2Fwp%2Fv2%2Fcomments&post=75477"}],"version-history":[{"count":1,"href":"https:\/\/zonaroja.com.mx\/index.php?rest_route=\/wp\/v2\/posts\/75477\/revisions"}],"predecessor-version":[{"id":75479,"href":"https:\/\/zonaroja.com.mx\/index.php?rest_route=\/wp\/v2\/posts\/75477\/revisions\/75479"}],"wp:featuredmedia":[{"embeddable":true,"href":"https:\/\/zonaroja.com.mx\/index.php?rest_route=\/wp\/v2\/media\/75478"}],"wp:attachment":[{"href":"https:\/\/zonaroja.com.mx\/index.php?rest_route=%2Fwp%2Fv2%2Fmedia&parent=75477"}],"wp:term":[{"taxonomy":"category","embeddable":true,"href":"https:\/\/zonaroja.com.mx\/index.php?rest_route=%2Fwp%2Fv2%2Fcategories&post=75477"},{"taxonomy":"post_tag","embeddable":true,"href":"https:\/\/zonaroja.com.mx\/index.php?rest_route=%2Fwp%2Fv2%2Ftags&post=75477"}],"curies":[{"name":"wp","href":"https:\/\/api.w.org\/{rel}","templated":true}]}}